{"id":9659,"date":"2008-08-27T00:00:00","date_gmt":"2008-08-26T22:00:00","guid":{"rendered":"https:\/\/www.justiceinfo.net\/9659-270808-tpirarchives-le-rapport-sur-les-archives-sera-pret-le-mois-prochain6465.html"},"modified":"2008-08-27T00:00:00","modified_gmt":"2008-08-26T22:00:00","slug":"270808-tpirarchives-le-rapport-sur-les-archives-sera-pret-le-mois-prochain6465","status":"publish","type":"post","link":"https:\/\/www.justiceinfo.net\/fr\/9659-270808-tpirarchives-le-rapport-sur-les-archives-sera-pret-le-mois-prochain6465.html","title":{"rendered":"27.08.08 - TPIR\/ARCHIVES - LE RAPPORT SUR LES ARCHIVES SERA PR\u00caT LE MOIS PROCHAIN"},"content":{"rendered":"<p>\nArusha, 27 ao&ucirc;t 2008 (FH) - Le rapport du groupe d'experts charg&eacute; de faire des propositions sur la conservation des archives du Tribunal p&eacute;nal international pour le Rwanda (TPIR) et du Tribunal pour l'ex-Yougoslavie (TPIY) sera pr&ecirc;t &agrave; la fin du mois prochain, a-t-on appris mercredi.<\/p>\n<p><!--more--><\/p>\n<p>\nLa commission, pr&eacute;sid&eacute;e par le sud-africain Richard Goldstone, ancien procureur du TPIR et du TPIY, a consult&eacute; diverses sources, dont des experts. L'&eacute;quipe &eacute;tait la semaine derni&egrave;re au Rwanda, puis au si&egrave;ge du TPIR &agrave; Arusha, en Tanzanie. <\/p>\n<p>&laquo; Nous sommes en train de boucler notre rapport &raquo;, a confi&eacute; mercredi &agrave; l'agence Hirondelle, un des membres de la commission, le Tanzanien Mohamed Othman Chande, ancien chef des poursuites au TPIR et ancien Procureur en chef pour l'Administration transitoire des Nations Unies au Timor oriental. <\/p>\n<p>Les archives des deux tribunaux ad hoc de l'ONU comprennent notamment 45.000 heures d'enregistrements video d'audiences, diverses pi&egrave;ces &agrave; conviction (cassettes audio ou video, livres, journaux, cartes, croquis, photos,...), les jugements et autres d&eacute;cisions judiciaires, etc. <\/p>\n<p>La mission de cette &eacute;quipe de 5 experts est de proposer aux responsables du TPIR et du TPIY la meilleure fa&ccedil;on de garantir, &agrave; l'avenir, l'accessibilit&eacute; et la pr&eacute;servation de cet h&eacute;ritage. <\/p>\n<p>&laquo; Le travail de cette commission ind&eacute;pendante est crucial pour la pr&eacute;servation de l'h&eacute;ritage des deux tribunaux, pour les victimes ainsi que pour l'avenir de la justice p&eacute;nale internationale &raquo;, disait Goldstone, au lancement des travaux en octobre dernier.\n<\/p>\n<p>\nL'&eacute;quipe charg&eacute;e de mener cette &eacute;tude pour le TPIY est compos&eacute;e de Eric Ketelaar , qui a travaill&eacute; pour les archives nationales des Pays-Bas, et de C&eacute;cile Aptel, qui a exerc&eacute; au TPIY et au TPIR. L'&eacute;quipe travaillant pour le TPIR se compose de Saliou Mbaye, ancien directeur des archives nationales du S&eacute;n&eacute;gal, et de Mohamed Chande Othman, juge &agrave; la Cour supr&ecirc;me de Tanzanie.\n<\/p>\n<p>\nL'&eacute;tude a &eacute;t&eacute; command&eacute;e au nom des tribunaux par les deux greffiers, Adama Dieng pour le TPIR et Hans Holthuis pour le TPIY.<br \/>\nSC\/ER\/GF <\/p>\n<p>&copy; Agence Hirondelle<\/p>\n","protected":false},"excerpt":{"rendered":"<p>Arusha, 27 ao&ucirc;t 2008 (FH) - Le rapport du groupe d'experts charg&eacute; de faire des propositions sur la conservation des archives du Tribunal p&eacute;nal international pour le Rwanda (TPIR) et du Tribunal pour l'ex-Yougoslavie (TPIY) sera pr&ecirc;t &agrave; la fin du mois prochain, a-t-on appris mercredi.<\/p>\n","protected":false},"author":64,"featured_media":0,"comment_status":"open","ping_status":"closed","sticky":false,"template":"","format":"standard","meta":{"_acf_changed":false,"footnotes":""},"categories":[554],"tags":[],"ji_location":[],"class_list":["post-9659","post","type-post","status-publish","format-standard","hentry","category-hirondellenews"],"acf":[],"yoast_head":"<!-- This site is optimized with the Yoast SEO Premium plugin v25.3.1 (Yoast SEO v25.3.1) - https:\/\/yoast.com\/wordpress\/plugins\/seo\/ -->\n<title>27.08.08 - TPIR\/ARCHIVES - LE RAPPORT SUR LES ARCHIVES SERA PR\u00caT LE MOIS PROCHAIN - JusticeInfo.net<\/title>\n<meta name=\"robots\" content=\"index, follow, max-snippet:-1, max-image-preview:large, max-video-preview:-1\" \/>\n<link rel=\"canonical\" href=\"https:\/\/www.justiceinfo.net\/fr\/9659-270808-tpirarchives-le-rapport-sur-les-archives-sera-pret-le-mois-prochain6465.html\" \/>\n<meta property=\"og:locale\" content=\"fr_FR\" \/>\n<meta property=\"og:type\" content=\"article\" \/>\n<meta property=\"og:title\" content=\"27.08.08 - TPIR\/ARCHIVES - LE RAPPORT SUR LES ARCHIVES SERA PR\u00caT LE MOIS PROCHAIN\" \/>\n<meta property=\"og:description\" content=\"Arusha, 27 ao&ucirc;t 2008 (FH) - Le rapport du groupe d&#039;experts charg&eacute; de faire des propositions sur la conservation des archives du Tribunal p&eacute;nal international pour le Rwanda (TPIR) et du Tribunal pour l&#039;ex-Yougoslavie (TPIY) sera pr&ecirc;t &agrave; la fin du mois prochain, a-t-on appris mercredi.\" \/>\n<meta property=\"og:url\" content=\"https:\/\/www.justiceinfo.net\/fr\/9659-270808-tpirarchives-le-rapport-sur-les-archives-sera-pret-le-mois-prochain6465.html\" \/>\n<meta property=\"og:site_name\" content=\"JusticeInfo.net\" \/>\n<meta property=\"article:publisher\" content=\"https:\/\/www.facebook.com\/JusticeInfo\/\" \/>\n<meta property=\"article:published_time\" content=\"2008-08-26T22:00:00+00:00\" \/>\n<meta property=\"og:image\" content=\"https:\/\/www.justiceinfo.net\/wp-content\/uploads\/JusticeInfoNet_logo_1200x630px.jpg\" \/>\n\t<meta property=\"og:image:width\" content=\"1200\" \/>\n\t<meta property=\"og:image:height\" content=\"630\" \/>\n\t<meta property=\"og:image:type\" content=\"image\/jpeg\" \/>\n<meta name=\"author\" content=\"solivri\" \/>\n<meta name=\"twitter:card\" content=\"summary_large_image\" \/>\n<meta name=\"twitter:creator\" content=\"@justiceinfonet\" \/>\n<meta name=\"twitter:site\" content=\"@justiceinfonet\" \/>\n<meta name=\"twitter:label1\" content=\"\u00c9crit par\" \/>\n\t<meta name=\"twitter:data1\" content=\"solivri\" \/>\n\t<meta name=\"twitter:label2\" content=\"Dur\u00e9e de lecture estim\u00e9e\" \/>\n\t<meta name=\"twitter:data2\" content=\"2 minutes\" \/>\n<script type=\"application\/ld+json\" class=\"yoast-schema-graph\">{\"@context\":\"https:\/\/schema.org\",\"@graph\":[{\"@type\":\"NewsArticle\",\"@id\":\"https:\/\/www.justiceinfo.net\/fr\/9659-270808-tpirarchives-le-rapport-sur-les-archives-sera-pret-le-mois-prochain6465.html#article\",\"isPartOf\":{\"@id\":\"https:\/\/www.justiceinfo.net\/fr\/9659-270808-tpirarchives-le-rapport-sur-les-archives-sera-pret-le-mois-prochain6465.html\"},\"author\":{\"name\":\"solivri\",\"@id\":\"https:\/\/www.justiceinfo.net\/fr#\/schema\/person\/6e53cba1629e2e66f3fc1821d3091865\"},\"headline\":\"27.08.08 - TPIR\/ARCHIVES - LE RAPPORT SUR LES ARCHIVES SERA PR\u00caT LE MOIS PROCHAIN\",\"datePublished\":\"2008-08-26T22:00:00+00:00\",\"mainEntityOfPage\":{\"@id\":\"https:\/\/www.justiceinfo.net\/fr\/9659-270808-tpirarchives-le-rapport-sur-les-archives-sera-pret-le-mois-prochain6465.html\"},\"wordCount\":418,\"commentCount\":0,\"publisher\":{\"@id\":\"https:\/\/www.justiceinfo.net\/fr#organization\"},\"articleSection\":[\"Hirondelle News\"],\"inLanguage\":\"fr-FR\",\"potentialAction\":[{\"@type\":\"CommentAction\",\"name\":\"Comment\",\"target\":[\"https:\/\/www.justiceinfo.net\/fr\/9659-270808-tpirarchives-le-rapport-sur-les-archives-sera-pret-le-mois-prochain6465.html#respond\"]}]},{\"@type\":\"WebPage\",\"@id\":\"https:\/\/www.justiceinfo.net\/fr\/9659-270808-tpirarchives-le-rapport-sur-les-archives-sera-pret-le-mois-prochain6465.html\",\"url\":\"https:\/\/www.justiceinfo.net\/fr\/9659-270808-tpirarchives-le-rapport-sur-les-archives-sera-pret-le-mois-prochain6465.html\",\"name\":\"27.08.08 - TPIR\/ARCHIVES - LE RAPPORT SUR LES ARCHIVES SERA PR\u00caT LE MOIS PROCHAIN - JusticeInfo.net\",\"isPartOf\":{\"@id\":\"https:\/\/www.justiceinfo.net\/fr#website\"},\"datePublished\":\"2008-08-26T22:00:00+00:00\",\"breadcrumb\":{\"@id\":\"https:\/\/www.justiceinfo.net\/fr\/9659-270808-tpirarchives-le-rapport-sur-les-archives-sera-pret-le-mois-prochain6465.html#breadcrumb\"},\"inLanguage\":\"fr-FR\",\"potentialAction\":[{\"@type\":\"ReadAction\",\"target\":[\"https:\/\/www.justiceinfo.net\/fr\/9659-270808-tpirarchives-le-rapport-sur-les-archives-sera-pret-le-mois-prochain6465.html\"]}]},{\"@type\":\"BreadcrumbList\",\"@id\":\"https:\/\/www.justiceinfo.net\/fr\/9659-270808-tpirarchives-le-rapport-sur-les-archives-sera-pret-le-mois-prochain6465.html#breadcrumb\",\"itemListElement\":[{\"@type\":\"ListItem\",\"position\":1,\"name\":\"Home\",\"item\":\"https:\/\/www.justiceinfo.net\/fr\"},{\"@type\":\"ListItem\",\"position\":2,\"name\":\"27.08.08 - TPIR\/ARCHIVES - LE RAPPORT SUR LES ARCHIVES SERA PR\u00caT LE MOIS PROCHAIN\"}]},{\"@type\":\"WebSite\",\"@id\":\"https:\/\/www.justiceinfo.net\/fr#website\",\"url\":\"https:\/\/www.justiceinfo.net\/fr\",\"name\":\"JusticeInfo.net\",\"description\":\"La justice doit \u00eatre vue pour \u00eatre rendue\",\"publisher\":{\"@id\":\"https:\/\/www.justiceinfo.net\/fr#organization\"},\"potentialAction\":[{\"@type\":\"SearchAction\",\"target\":{\"@type\":\"EntryPoint\",\"urlTemplate\":\"https:\/\/www.justiceinfo.net\/fr?s={search_term_string}\"},\"query-input\":{\"@type\":\"PropertyValueSpecification\",\"valueRequired\":true,\"valueName\":\"search_term_string\"}}],\"inLanguage\":\"fr-FR\"},{\"@type\":\"Organization\",\"@id\":\"https:\/\/www.justiceinfo.net\/fr#organization\",\"name\":\"Justice Info\",\"url\":\"https:\/\/www.justiceinfo.net\/fr\",\"logo\":{\"@type\":\"ImageObject\",\"inLanguage\":\"fr-FR\",\"@id\":\"https:\/\/www.justiceinfo.net\/fr#\/schema\/logo\/image\/\",\"url\":\"https:\/\/www.justiceinfo.net\/wp-content\/uploads\/justiceinfo_logo-trans_1200x1200px.png\",\"contentUrl\":\"https:\/\/www.justiceinfo.net\/wp-content\/uploads\/justiceinfo_logo-trans_1200x1200px.png\",\"width\":1199,\"height\":1200,\"caption\":\"Justice Info\"},\"image\":{\"@id\":\"https:\/\/www.justiceinfo.net\/fr#\/schema\/logo\/image\/\"},\"sameAs\":[\"https:\/\/www.facebook.com\/JusticeInfo\/\",\"https:\/\/x.com\/justiceinfonet\",\"https:\/\/www.linkedin.com\/company\/justice-info\",\"https:\/\/www.youtube.com\/channel\/UCyCEsARodyuWtkWyhn-e7pA\"]},{\"@type\":\"Person\",\"name\":\"solivri\",\"url\":\"\/fr\/?s=solivri\"}]}<\/script>\n<!-- \/ Yoast SEO Premium plugin. -->","yoast_head_json":{"title":"27.08.08 - TPIR\/ARCHIVES - LE RAPPORT SUR LES ARCHIVES SERA PR\u00caT LE MOIS PROCHAIN - JusticeInfo.net","robots":{"index":"index","follow":"follow","max-snippet":"max-snippet:-1","max-image-preview":"max-image-preview:large","max-video-preview":"max-video-preview:-1"},"canonical":"https:\/\/www.justiceinfo.net\/fr\/9659-270808-tpirarchives-le-rapport-sur-les-archives-sera-pret-le-mois-prochain6465.html","og_locale":"fr_FR","og_type":"article","og_title":"27.08.08 - TPIR\/ARCHIVES - LE RAPPORT SUR LES ARCHIVES SERA PR\u00caT LE MOIS PROCHAIN","og_description":"Arusha, 27 ao&ucirc;t 2008 (FH) - Le rapport du groupe d'experts charg&eacute; de faire des propositions sur la conservation des archives du Tribunal p&eacute;nal international pour le Rwanda (TPIR) et du Tribunal pour l'ex-Yougoslavie (TPIY) sera pr&ecirc;t &agrave; la fin du mois prochain, a-t-on appris mercredi.","og_url":"https:\/\/www.justiceinfo.net\/fr\/9659-270808-tpirarchives-le-rapport-sur-les-archives-sera-pret-le-mois-prochain6465.html","og_site_name":"JusticeInfo.net","article_publisher":"https:\/\/www.facebook.com\/JusticeInfo\/","article_published_time":"2008-08-26T22:00:00+00:00","og_image":[{"width":1200,"height":630,"url":"https:\/\/www.justiceinfo.net\/wp-content\/uploads\/JusticeInfoNet_logo_1200x630px.jpg","type":"image\/jpeg"}],"author":"solivri","twitter_card":"summary_large_image","twitter_creator":"@justiceinfonet","twitter_site":"@justiceinfonet","twitter_misc":{"\u00c9crit par":"solivri","Dur\u00e9e de lecture estim\u00e9e":"2 minutes"},"schema":{"@context":"https:\/\/schema.org","@graph":[{"@type":"NewsArticle","@id":"https:\/\/www.justiceinfo.net\/fr\/9659-270808-tpirarchives-le-rapport-sur-les-archives-sera-pret-le-mois-prochain6465.html#article","isPartOf":{"@id":"https:\/\/www.justiceinfo.net\/fr\/9659-270808-tpirarchives-le-rapport-sur-les-archives-sera-pret-le-mois-prochain6465.html"},"author":{"name":"solivri","@id":"https:\/\/www.justiceinfo.net\/fr#\/schema\/person\/6e53cba1629e2e66f3fc1821d3091865"},"headline":"27.08.08 - TPIR\/ARCHIVES - LE RAPPORT SUR LES ARCHIVES SERA PR\u00caT LE MOIS PROCHAIN","datePublished":"2008-08-26T22:00:00+00:00","mainEntityOfPage":{"@id":"https:\/\/www.justiceinfo.net\/fr\/9659-270808-tpirarchives-le-rapport-sur-les-archives-sera-pret-le-mois-prochain6465.html"},"wordCount":418,"commentCount":0,"publisher":{"@id":"https:\/\/www.justiceinfo.net\/fr#organization"},"articleSection":["Hirondelle News"],"inLanguage":"fr-FR","potentialAction":[{"@type":"CommentAction","name":"Comment","target":["https:\/\/www.justiceinfo.net\/fr\/9659-270808-tpirarchives-le-rapport-sur-les-archives-sera-pret-le-mois-prochain6465.html#respond"]}]},{"@type":"WebPage","@id":"https:\/\/www.justiceinfo.net\/fr\/9659-270808-tpirarchives-le-rapport-sur-les-archives-sera-pret-le-mois-prochain6465.html","url":"https:\/\/www.justiceinfo.net\/fr\/9659-270808-tpirarchives-le-rapport-sur-les-archives-sera-pret-le-mois-prochain6465.html","name":"27.08.08 - TPIR\/ARCHIVES - LE RAPPORT SUR LES ARCHIVES SERA PR\u00caT LE MOIS PROCHAIN - JusticeInfo.net","isPartOf":{"@id":"https:\/\/www.justiceinfo.net\/fr#website"},"datePublished":"2008-08-26T22:00:00+00:00","breadcrumb":{"@id":"https:\/\/www.justiceinfo.net\/fr\/9659-270808-tpirarchives-le-rapport-sur-les-archives-sera-pret-le-mois-prochain6465.html#breadcrumb"},"inLanguage":"fr-FR","potentialAction":[{"@type":"ReadAction","target":["https:\/\/www.justiceinfo.net\/fr\/9659-270808-tpirarchives-le-rapport-sur-les-archives-sera-pret-le-mois-prochain6465.html"]}]},{"@type":"BreadcrumbList","@id":"https:\/\/www.justiceinfo.net\/fr\/9659-270808-tpirarchives-le-rapport-sur-les-archives-sera-pret-le-mois-prochain6465.html#breadcrumb","itemListElement":[{"@type":"ListItem","position":1,"name":"Home","item":"https:\/\/www.justiceinfo.net\/fr"},{"@type":"ListItem","position":2,"name":"27.08.08 - TPIR\/ARCHIVES - LE RAPPORT SUR LES ARCHIVES SERA PR\u00caT LE MOIS PROCHAIN"}]},{"@type":"WebSite","@id":"https:\/\/www.justiceinfo.net\/fr#website","url":"https:\/\/www.justiceinfo.net\/fr","name":"JusticeInfo.net","description":"La justice doit \u00eatre vue pour \u00eatre rendue","publisher":{"@id":"https:\/\/www.justiceinfo.net\/fr#organization"},"potentialAction":[{"@type":"SearchAction","target":{"@type":"EntryPoint","urlTemplate":"https:\/\/www.justiceinfo.net\/fr?s={search_term_string}"},"query-input":{"@type":"PropertyValueSpecification","valueRequired":true,"valueName":"search_term_string"}}],"inLanguage":"fr-FR"},{"@type":"Organization","@id":"https:\/\/www.justiceinfo.net\/fr#organization","name":"Justice Info","url":"https:\/\/www.justiceinfo.net\/fr","logo":{"@type":"ImageObject","inLanguage":"fr-FR","@id":"https:\/\/www.justiceinfo.net\/fr#\/schema\/logo\/image\/","url":"https:\/\/www.justiceinfo.net\/wp-content\/uploads\/justiceinfo_logo-trans_1200x1200px.png","contentUrl":"https:\/\/www.justiceinfo.net\/wp-content\/uploads\/justiceinfo_logo-trans_1200x1200px.png","width":1199,"height":1200,"caption":"Justice Info"},"image":{"@id":"https:\/\/www.justiceinfo.net\/fr#\/schema\/logo\/image\/"},"sameAs":["https:\/\/www.facebook.com\/JusticeInfo\/","https:\/\/x.com\/justiceinfonet","https:\/\/www.linkedin.com\/company\/justice-info","https:\/\/www.youtube.com\/channel\/UCyCEsARodyuWtkWyhn-e7pA"]},{"@type":"Person","name":"solivri","url":"\/fr\/?s=solivri"}]}},"_links":{"self":[{"href":"https:\/\/www.justiceinfo.net\/fr\/wp-json\/wp\/v2\/posts\/9659","targetHints":{"allow":["GET"]}}],"collection":[{"href":"https:\/\/www.justiceinfo.net\/fr\/wp-json\/wp\/v2\/posts"}],"about":[{"href":"https:\/\/www.justiceinfo.net\/fr\/wp-json\/wp\/v2\/types\/post"}],"author":[{"embeddable":true,"href":"https:\/\/www.justiceinfo.net\/fr\/wp-json\/wp\/v2\/users\/64"}],"replies":[{"embeddable":true,"href":"https:\/\/www.justiceinfo.net\/fr\/wp-json\/wp\/v2\/comments?post=9659"}],"version-history":[{"count":0,"href":"https:\/\/www.justiceinfo.net\/fr\/wp-json\/wp\/v2\/posts\/9659\/revisions"}],"wp:attachment":[{"href":"https:\/\/www.justiceinfo.net\/fr\/wp-json\/wp\/v2\/media?parent=9659"}],"wp:term":[{"taxonomy":"category","embeddable":true,"href":"https:\/\/www.justiceinfo.net\/fr\/wp-json\/wp\/v2\/categories?post=9659"},{"taxonomy":"post_tag","embeddable":true,"href":"https:\/\/www.justiceinfo.net\/fr\/wp-json\/wp\/v2\/tags?post=9659"},{"taxonomy":"ji_location","embeddable":true,"href":"https:\/\/www.justiceinfo.net\/fr\/wp-json\/wp\/v2\/ji_location?post=9659"}],"curies":[{"name":"wp","href":"https:\/\/api.w.org\/{rel}","templated":true}]}}