{"id":9661,"date":"2008-08-29T00:00:00","date_gmt":"2008-08-28T22:00:00","guid":{"rendered":"https:\/\/www.justiceinfo.net\/9661-290808-tpirmuvunyi-la-chambre-dappel-ordonne-un-nouveau-proces6467.html"},"modified":"2008-08-29T00:00:00","modified_gmt":"2008-08-28T22:00:00","slug":"290808-tpirmuvunyi-la-chambre-dappel-ordonne-un-nouveau-proces6467","status":"publish","type":"post","link":"https:\/\/www.justiceinfo.net\/fr\/9661-290808-tpirmuvunyi-la-chambre-dappel-ordonne-un-nouveau-proces6467.html","title":{"rendered":"29.08.08 - TPIR\/MUVUNYI - LA CHAMBRE D'APPEL ORDONNE UN NOUVEAU PROCES"},"content":{"rendered":"<p>\nArusha, 29 ao&ucirc;t 2008 (FH) - La chambre d'appel du Tribunal p&eacute;nal international pour le Rwanda (TPIR) a ordonn&eacute; un nouveau proc&egrave;s pour le lieutenant- colonel Tharcisse Muvunyi, condamn&eacute; en premi&egrave;re instance &agrave; 25 ans de prison, a constat&eacute; vendredi l'agence Hirondelle.\n<\/p>\n<p><!--more--><\/p>\n<p>\nCet arr&ecirc;t est une premi&egrave;re dans l'histoire du TPIR. <\/p>\n<p>Muvunyi, qui &eacute;tait bas&eacute;, en 1994, &agrave; l'Ecole des sous- officiers de Butare (ESO), dans le sud du Rwanda, avait &eacute;t&eacute; reconnu coupable le 12 septembre 2006, de &laquo; g&eacute;nocide, incitation directe et publique &agrave; commettre le g&eacute;nocide et autres actes inhumains &raquo;. <\/p>\n<p>&laquo;La chambre d'appel annule la peine de 25 ans d'emprisonnement et ordonne que Muvunyi reste au centre de d&eacute;tention du tribunal en attendant son nouveau- proc&egrave;s &raquo;, a d&eacute;clar&eacute; le juge pr&eacute;sident Fausto Pocar. <\/p>\n<p>Le lieutenant-colonel sera rejug&eacute; sur un seul chef d'accusation, &laquo; incitation directe et publique &agrave; commettre le g&eacute;nocide &raquo;, relativement &agrave; un seul fait, le discours qu'il a prononc&eacute; pendant le g&eacute;nocide au centre de n&eacute;goce de Gikore, dans la r&eacute;gion de Butare. <\/p>\n<p>Sur ce fait, le procureur avait cit&eacute; en premi&egrave;re instance deux t&eacute;moins, surnomm&eacute;s YAI et CCP, tandis que la d&eacute;fense en avait pr&eacute;sent&eacute; un seul, MO 78. <\/p>\n<p>Dans son arr&ecirc;t, la chambre d'appel se demande pourquoi les premiers juges n'ont rien dit des contradictions dans les t&eacute;moignages &agrave; charge sur ce point, pas plus qu'ils n'indiquent pourquoi ils ont pr&eacute;f&eacute;r&eacute; ces deux d&eacute;positions &agrave; celle du t&eacute;moin &agrave; d&eacute;charge appel&eacute; MO 78. <\/p>\n<p>&laquo; La chambre d'appel conclut que la pr&eacute;sente situation donne lieu aux circonstances appropri&eacute;es pour un nouveau proc&egrave;s limit&eacute; aux all&eacute;gations consid&eacute;r&eacute;es sous ce motif d'appel &raquo;, a indiqu&eacute; Pocar. <\/p>\n<p>Apr&egrave;s avoir consid&eacute;r&eacute; les droits de l'accus&eacute; en prison depuis plus de 8 ans, la gravit&eacute; du crime all&eacute;gu&eacute; et l'int&eacute;r&ecirc;t de la justice, la chambre d'appel a choisi de donner au &laquo; juge du fait, l'opportunit&eacute; d'&eacute;valuer pleinement l'enti&egrave;ret&eacute; des &eacute;l&eacute;ments de preuve&raquo;. <\/p>\n<p>Muvunyi avait &eacute;t&eacute; condamn&eacute; pour des crimes commis par les soldats de l'ESO et des discours qu'il avait personnellement prononc&eacute;s dans la r&eacute;gion de Butare entre avril et juillet 1994. <\/p>\n<p>Le lieutenant-colonel a toujours affirm&eacute; qu'il n'avait jamais &eacute;t&eacute; commandant, ni de droit, ni de fait, de l'ESO, et qu'il n'exer&ccedil;ait pas de contr&ocirc;le effectif sur les &eacute;tudiants de cette &eacute;cole militaire. <\/p>\n<p>Apr&egrave;s avoir annul&eacute; les condamnations relativement aux crimes all&eacute;gu&eacute;s des soldats de l'ESO, la chambre d'appel a trouv&eacute; inutile de chercher &agrave; savoir si l'officier commandait ou non l'ESO. <\/p>\n<p>La presque totalit&eacute; des convictions en premi&egrave;re instance ont &eacute;t&eacute; annul&eacute;es, en raison de d&eacute;fauts dans l'acte d'accusation. <\/p>\n<p>Interrog&eacute; par l'agence Hirondelle, le conseil de Muvunyi, William Taylor, n'a pas cach&eacute; sa satisfaction. &laquo; Les juges ont fait une analyse &eacute;quitable et juste de l'appel (...) Je suis heureux que mon client ne soit pas &eacute;tiquet&eacute; comme un criminel &raquo;, a confi&eacute; l'avocat am&eacute;ricain. <\/p>\n<p>Pour sa part, le chef de la section des appels au bureau du procureur, l'Ougandais Alex Obote-Odora, s'est refus&eacute; &agrave; tout commentaire. <\/p>\n<p>Depuis sa premi&egrave;re audience en 1997, le TPIR a jug&eacute; 35 personnes. <\/p>\n<p>ER\/PB\/GF <\/p>\n<p>&copy; Agence Hirondelle<\/p>\n","protected":false},"excerpt":{"rendered":"<p>Arusha, 29 ao&ucirc;t 2008 (FH) - La chambre d'appel du Tribunal p&eacute;nal international pour le Rwanda (TPIR) a ordonn&eacute; un nouveau proc&egrave;s pour le lieutenant- colonel Tharcisse Muvunyi, condamn&eacute; en premi&egrave;re instance &agrave; 25 ans de prison, a constat&eacute; vendredi l'agence Hirondelle.<\/p>\n","protected":false},"author":64,"featured_media":0,"comment_status":"open","ping_status":"closed","sticky":false,"template":"","format":"standard","meta":{"_acf_changed":false,"footnotes":""},"categories":[554],"tags":[],"ji_location":[],"class_list":["post-9661","post","type-post","status-publish","format-standard","hentry","category-hirondellenews"],"acf":[],"yoast_head":"<!-- This site is optimized with the Yoast SEO Premium plugin v25.3.1 (Yoast SEO v25.3.1) - https:\/\/yoast.com\/wordpress\/plugins\/seo\/ -->\n<title>29.08.08 - TPIR\/MUVUNYI - LA CHAMBRE D&#039;APPEL ORDONNE UN NOUVEAU PROCES - JusticeInfo.net<\/title>\n<meta name=\"robots\" content=\"index, follow, max-snippet:-1, max-image-preview:large, max-video-preview:-1\" \/>\n<link rel=\"canonical\" href=\"https:\/\/www.justiceinfo.net\/fr\/9661-290808-tpirmuvunyi-la-chambre-dappel-ordonne-un-nouveau-proces6467.html\" \/>\n<meta property=\"og:locale\" content=\"fr_FR\" \/>\n<meta property=\"og:type\" content=\"article\" \/>\n<meta property=\"og:title\" content=\"29.08.08 - TPIR\/MUVUNYI - LA CHAMBRE D&#039;APPEL ORDONNE UN NOUVEAU PROCES\" \/>\n<meta property=\"og:description\" content=\"Arusha, 29 ao&ucirc;t 2008 (FH) - La chambre d&#039;appel du Tribunal p&eacute;nal international pour le Rwanda (TPIR) a ordonn&eacute; un nouveau proc&egrave;s pour le lieutenant- colonel Tharcisse Muvunyi, condamn&eacute; en premi&egrave;re instance &agrave; 25 ans de prison, a constat&eacute; vendredi l&#039;agence Hirondelle.\" \/>\n<meta property=\"og:url\" content=\"https:\/\/www.justiceinfo.net\/fr\/9661-290808-tpirmuvunyi-la-chambre-dappel-ordonne-un-nouveau-proces6467.html\" \/>\n<meta property=\"og:site_name\" content=\"JusticeInfo.net\" \/>\n<meta property=\"article:publisher\" content=\"https:\/\/www.facebook.com\/JusticeInfo\/\" \/>\n<meta property=\"article:published_time\" content=\"2008-08-28T22:00:00+00:00\" \/>\n<meta property=\"og:image\" content=\"https:\/\/www.justiceinfo.net\/wp-content\/uploads\/JusticeInfoNet_logo_1200x630px.jpg\" \/>\n\t<meta property=\"og:image:width\" content=\"1200\" \/>\n\t<meta property=\"og:image:height\" content=\"630\" \/>\n\t<meta property=\"og:image:type\" content=\"image\/jpeg\" \/>\n<meta name=\"author\" content=\"solivri\" \/>\n<meta name=\"twitter:card\" content=\"summary_large_image\" \/>\n<meta name=\"twitter:creator\" content=\"@justiceinfonet\" \/>\n<meta name=\"twitter:site\" content=\"@justiceinfonet\" \/>\n<meta name=\"twitter:label1\" content=\"\u00c9crit par\" \/>\n\t<meta name=\"twitter:data1\" content=\"solivri\" \/>\n\t<meta name=\"twitter:label2\" content=\"Dur\u00e9e de lecture estim\u00e9e\" \/>\n\t<meta name=\"twitter:data2\" content=\"3 minutes\" \/>\n<script type=\"application\/ld+json\" class=\"yoast-schema-graph\">{\"@context\":\"https:\/\/schema.org\",\"@graph\":[{\"@type\":\"NewsArticle\",\"@id\":\"https:\/\/www.justiceinfo.net\/fr\/9661-290808-tpirmuvunyi-la-chambre-dappel-ordonne-un-nouveau-proces6467.html#article\",\"isPartOf\":{\"@id\":\"https:\/\/www.justiceinfo.net\/fr\/9661-290808-tpirmuvunyi-la-chambre-dappel-ordonne-un-nouveau-proces6467.html\"},\"author\":{\"name\":\"solivri\",\"@id\":\"https:\/\/www.justiceinfo.net\/fr#\/schema\/person\/6e53cba1629e2e66f3fc1821d3091865\"},\"headline\":\"29.08.08 - TPIR\/MUVUNYI - LA CHAMBRE D'APPEL ORDONNE UN NOUVEAU PROCES\",\"datePublished\":\"2008-08-28T22:00:00+00:00\",\"mainEntityOfPage\":{\"@id\":\"https:\/\/www.justiceinfo.net\/fr\/9661-290808-tpirmuvunyi-la-chambre-dappel-ordonne-un-nouveau-proces6467.html\"},\"wordCount\":702,\"commentCount\":0,\"publisher\":{\"@id\":\"https:\/\/www.justiceinfo.net\/fr#organization\"},\"articleSection\":[\"Hirondelle News\"],\"inLanguage\":\"fr-FR\",\"potentialAction\":[{\"@type\":\"CommentAction\",\"name\":\"Comment\",\"target\":[\"https:\/\/www.justiceinfo.net\/fr\/9661-290808-tpirmuvunyi-la-chambre-dappel-ordonne-un-nouveau-proces6467.html#respond\"]}]},{\"@type\":\"WebPage\",\"@id\":\"https:\/\/www.justiceinfo.net\/fr\/9661-290808-tpirmuvunyi-la-chambre-dappel-ordonne-un-nouveau-proces6467.html\",\"url\":\"https:\/\/www.justiceinfo.net\/fr\/9661-290808-tpirmuvunyi-la-chambre-dappel-ordonne-un-nouveau-proces6467.html\",\"name\":\"29.08.08 - TPIR\/MUVUNYI - LA CHAMBRE D'APPEL ORDONNE UN NOUVEAU PROCES - JusticeInfo.net\",\"isPartOf\":{\"@id\":\"https:\/\/www.justiceinfo.net\/fr#website\"},\"datePublished\":\"2008-08-28T22:00:00+00:00\",\"breadcrumb\":{\"@id\":\"https:\/\/www.justiceinfo.net\/fr\/9661-290808-tpirmuvunyi-la-chambre-dappel-ordonne-un-nouveau-proces6467.html#breadcrumb\"},\"inLanguage\":\"fr-FR\",\"potentialAction\":[{\"@type\":\"ReadAction\",\"target\":[\"https:\/\/www.justiceinfo.net\/fr\/9661-290808-tpirmuvunyi-la-chambre-dappel-ordonne-un-nouveau-proces6467.html\"]}]},{\"@type\":\"BreadcrumbList\",\"@id\":\"https:\/\/www.justiceinfo.net\/fr\/9661-290808-tpirmuvunyi-la-chambre-dappel-ordonne-un-nouveau-proces6467.html#breadcrumb\",\"itemListElement\":[{\"@type\":\"ListItem\",\"position\":1,\"name\":\"Home\",\"item\":\"https:\/\/www.justiceinfo.net\/fr\"},{\"@type\":\"ListItem\",\"position\":2,\"name\":\"29.08.08 - TPIR\/MUVUNYI - LA CHAMBRE D'APPEL ORDONNE UN NOUVEAU PROCES\"}]},{\"@type\":\"WebSite\",\"@id\":\"https:\/\/www.justiceinfo.net\/fr#website\",\"url\":\"https:\/\/www.justiceinfo.net\/fr\",\"name\":\"JusticeInfo.net\",\"description\":\"La justice doit \u00eatre vue pour \u00eatre rendue\",\"publisher\":{\"@id\":\"https:\/\/www.justiceinfo.net\/fr#organization\"},\"potentialAction\":[{\"@type\":\"SearchAction\",\"target\":{\"@type\":\"EntryPoint\",\"urlTemplate\":\"https:\/\/www.justiceinfo.net\/fr?s={search_term_string}\"},\"query-input\":{\"@type\":\"PropertyValueSpecification\",\"valueRequired\":true,\"valueName\":\"search_term_string\"}}],\"inLanguage\":\"fr-FR\"},{\"@type\":\"Organization\",\"@id\":\"https:\/\/www.justiceinfo.net\/fr#organization\",\"name\":\"Justice Info\",\"url\":\"https:\/\/www.justiceinfo.net\/fr\",\"logo\":{\"@type\":\"ImageObject\",\"inLanguage\":\"fr-FR\",\"@id\":\"https:\/\/www.justiceinfo.net\/fr#\/schema\/logo\/image\/\",\"url\":\"https:\/\/www.justiceinfo.net\/wp-content\/uploads\/justiceinfo_logo-trans_1200x1200px.png\",\"contentUrl\":\"https:\/\/www.justiceinfo.net\/wp-content\/uploads\/justiceinfo_logo-trans_1200x1200px.png\",\"width\":1199,\"height\":1200,\"caption\":\"Justice Info\"},\"image\":{\"@id\":\"https:\/\/www.justiceinfo.net\/fr#\/schema\/logo\/image\/\"},\"sameAs\":[\"https:\/\/www.facebook.com\/JusticeInfo\/\",\"https:\/\/x.com\/justiceinfonet\",\"https:\/\/www.linkedin.com\/company\/justice-info\",\"https:\/\/www.youtube.com\/channel\/UCyCEsARodyuWtkWyhn-e7pA\"]},{\"@type\":\"Person\",\"name\":\"solivri\",\"url\":\"\/fr\/?s=solivri\"}]}<\/script>\n<!-- \/ Yoast SEO Premium plugin. -->","yoast_head_json":{"title":"29.08.08 - TPIR\/MUVUNYI - LA CHAMBRE D'APPEL ORDONNE UN NOUVEAU PROCES - JusticeInfo.net","robots":{"index":"index","follow":"follow","max-snippet":"max-snippet:-1","max-image-preview":"max-image-preview:large","max-video-preview":"max-video-preview:-1"},"canonical":"https:\/\/www.justiceinfo.net\/fr\/9661-290808-tpirmuvunyi-la-chambre-dappel-ordonne-un-nouveau-proces6467.html","og_locale":"fr_FR","og_type":"article","og_title":"29.08.08 - TPIR\/MUVUNYI - LA CHAMBRE D'APPEL ORDONNE UN NOUVEAU PROCES","og_description":"Arusha, 29 ao&ucirc;t 2008 (FH) - La chambre d'appel du Tribunal p&eacute;nal international pour le Rwanda (TPIR) a ordonn&eacute; un nouveau proc&egrave;s pour le lieutenant- colonel Tharcisse Muvunyi, condamn&eacute; en premi&egrave;re instance &agrave; 25 ans de prison, a constat&eacute; vendredi l'agence Hirondelle.","og_url":"https:\/\/www.justiceinfo.net\/fr\/9661-290808-tpirmuvunyi-la-chambre-dappel-ordonne-un-nouveau-proces6467.html","og_site_name":"JusticeInfo.net","article_publisher":"https:\/\/www.facebook.com\/JusticeInfo\/","article_published_time":"2008-08-28T22:00:00+00:00","og_image":[{"width":1200,"height":630,"url":"https:\/\/www.justiceinfo.net\/wp-content\/uploads\/JusticeInfoNet_logo_1200x630px.jpg","type":"image\/jpeg"}],"author":"solivri","twitter_card":"summary_large_image","twitter_creator":"@justiceinfonet","twitter_site":"@justiceinfonet","twitter_misc":{"\u00c9crit par":"solivri","Dur\u00e9e de lecture estim\u00e9e":"3 minutes"},"schema":{"@context":"https:\/\/schema.org","@graph":[{"@type":"NewsArticle","@id":"https:\/\/www.justiceinfo.net\/fr\/9661-290808-tpirmuvunyi-la-chambre-dappel-ordonne-un-nouveau-proces6467.html#article","isPartOf":{"@id":"https:\/\/www.justiceinfo.net\/fr\/9661-290808-tpirmuvunyi-la-chambre-dappel-ordonne-un-nouveau-proces6467.html"},"author":{"name":"solivri","@id":"https:\/\/www.justiceinfo.net\/fr#\/schema\/person\/6e53cba1629e2e66f3fc1821d3091865"},"headline":"29.08.08 - TPIR\/MUVUNYI - LA CHAMBRE D'APPEL ORDONNE UN NOUVEAU PROCES","datePublished":"2008-08-28T22:00:00+00:00","mainEntityOfPage":{"@id":"https:\/\/www.justiceinfo.net\/fr\/9661-290808-tpirmuvunyi-la-chambre-dappel-ordonne-un-nouveau-proces6467.html"},"wordCount":702,"commentCount":0,"publisher":{"@id":"https:\/\/www.justiceinfo.net\/fr#organization"},"articleSection":["Hirondelle News"],"inLanguage":"fr-FR","potentialAction":[{"@type":"CommentAction","name":"Comment","target":["https:\/\/www.justiceinfo.net\/fr\/9661-290808-tpirmuvunyi-la-chambre-dappel-ordonne-un-nouveau-proces6467.html#respond"]}]},{"@type":"WebPage","@id":"https:\/\/www.justiceinfo.net\/fr\/9661-290808-tpirmuvunyi-la-chambre-dappel-ordonne-un-nouveau-proces6467.html","url":"https:\/\/www.justiceinfo.net\/fr\/9661-290808-tpirmuvunyi-la-chambre-dappel-ordonne-un-nouveau-proces6467.html","name":"29.08.08 - TPIR\/MUVUNYI - LA CHAMBRE D'APPEL ORDONNE UN NOUVEAU PROCES - JusticeInfo.net","isPartOf":{"@id":"https:\/\/www.justiceinfo.net\/fr#website"},"datePublished":"2008-08-28T22:00:00+00:00","breadcrumb":{"@id":"https:\/\/www.justiceinfo.net\/fr\/9661-290808-tpirmuvunyi-la-chambre-dappel-ordonne-un-nouveau-proces6467.html#breadcrumb"},"inLanguage":"fr-FR","potentialAction":[{"@type":"ReadAction","target":["https:\/\/www.justiceinfo.net\/fr\/9661-290808-tpirmuvunyi-la-chambre-dappel-ordonne-un-nouveau-proces6467.html"]}]},{"@type":"BreadcrumbList","@id":"https:\/\/www.justiceinfo.net\/fr\/9661-290808-tpirmuvunyi-la-chambre-dappel-ordonne-un-nouveau-proces6467.html#breadcrumb","itemListElement":[{"@type":"ListItem","position":1,"name":"Home","item":"https:\/\/www.justiceinfo.net\/fr"},{"@type":"ListItem","position":2,"name":"29.08.08 - TPIR\/MUVUNYI - LA CHAMBRE D'APPEL ORDONNE UN NOUVEAU PROCES"}]},{"@type":"WebSite","@id":"https:\/\/www.justiceinfo.net\/fr#website","url":"https:\/\/www.justiceinfo.net\/fr","name":"JusticeInfo.net","description":"La justice doit \u00eatre vue pour \u00eatre rendue","publisher":{"@id":"https:\/\/www.justiceinfo.net\/fr#organization"},"potentialAction":[{"@type":"SearchAction","target":{"@type":"EntryPoint","urlTemplate":"https:\/\/www.justiceinfo.net\/fr?s={search_term_string}"},"query-input":{"@type":"PropertyValueSpecification","valueRequired":true,"valueName":"search_term_string"}}],"inLanguage":"fr-FR"},{"@type":"Organization","@id":"https:\/\/www.justiceinfo.net\/fr#organization","name":"Justice Info","url":"https:\/\/www.justiceinfo.net\/fr","logo":{"@type":"ImageObject","inLanguage":"fr-FR","@id":"https:\/\/www.justiceinfo.net\/fr#\/schema\/logo\/image\/","url":"https:\/\/www.justiceinfo.net\/wp-content\/uploads\/justiceinfo_logo-trans_1200x1200px.png","contentUrl":"https:\/\/www.justiceinfo.net\/wp-content\/uploads\/justiceinfo_logo-trans_1200x1200px.png","width":1199,"height":1200,"caption":"Justice Info"},"image":{"@id":"https:\/\/www.justiceinfo.net\/fr#\/schema\/logo\/image\/"},"sameAs":["https:\/\/www.facebook.com\/JusticeInfo\/","https:\/\/x.com\/justiceinfonet","https:\/\/www.linkedin.com\/company\/justice-info","https:\/\/www.youtube.com\/channel\/UCyCEsARodyuWtkWyhn-e7pA"]},{"@type":"Person","name":"solivri","url":"\/fr\/?s=solivri"}]}},"_links":{"self":[{"href":"https:\/\/www.justiceinfo.net\/fr\/wp-json\/wp\/v2\/posts\/9661","targetHints":{"allow":["GET"]}}],"collection":[{"href":"https:\/\/www.justiceinfo.net\/fr\/wp-json\/wp\/v2\/posts"}],"about":[{"href":"https:\/\/www.justiceinfo.net\/fr\/wp-json\/wp\/v2\/types\/post"}],"author":[{"embeddable":true,"href":"https:\/\/www.justiceinfo.net\/fr\/wp-json\/wp\/v2\/users\/64"}],"replies":[{"embeddable":true,"href":"https:\/\/www.justiceinfo.net\/fr\/wp-json\/wp\/v2\/comments?post=9661"}],"version-history":[{"count":0,"href":"https:\/\/www.justiceinfo.net\/fr\/wp-json\/wp\/v2\/posts\/9661\/revisions"}],"wp:attachment":[{"href":"https:\/\/www.justiceinfo.net\/fr\/wp-json\/wp\/v2\/media?parent=9661"}],"wp:term":[{"taxonomy":"category","embeddable":true,"href":"https:\/\/www.justiceinfo.net\/fr\/wp-json\/wp\/v2\/categories?post=9661"},{"taxonomy":"post_tag","embeddable":true,"href":"https:\/\/www.justiceinfo.net\/fr\/wp-json\/wp\/v2\/tags?post=9661"},{"taxonomy":"ji_location","embeddable":true,"href":"https:\/\/www.justiceinfo.net\/fr\/wp-json\/wp\/v2\/ji_location?post=9661"}],"curies":[{"name":"wp","href":"https:\/\/api.w.org\/{rel}","templated":true}]}}