{"id":9663,"date":"2008-08-28T00:00:00","date_gmt":"2008-08-27T22:00:00","guid":{"rendered":"https:\/\/www.justiceinfo.net\/9663-280808-tpiyoutrage-le-tribunal-pour-lex-yougoslavie-met-en-accusation-florence-hartmann6469.html"},"modified":"2008-08-28T00:00:00","modified_gmt":"2008-08-27T22:00:00","slug":"280808-tpiyoutrage-le-tribunal-pour-lex-yougoslavie-met-en-accusation-florence-hartmann6469","status":"publish","type":"post","link":"https:\/\/www.justiceinfo.net\/fr\/9663-280808-tpiyoutrage-le-tribunal-pour-lex-yougoslavie-met-en-accusation-florence-hartmann6469.html","title":{"rendered":"28.08.08 - TPIY\/OUTRAGE - LE TRIBUNAL POUR L'EX-YOUGOSLAVIE MET EN ACCUSATION FLORENCE HARTMANN"},"content":{"rendered":"<p>\nLa Haye, 28 Aout 2008 (FH) - Le tribunal p&eacute;nal international pour l'ex-Yougoslavie (TPIY) a mis en accusation, Florence Hartmann, l'ancienne porte-parole de la procureur Carla del Ponte, pour outrage au tribunal, a annonc&eacute; le service communication du tribunal.<\/p>\n<p><!--more--><\/p>\n<p>\nSelon un document diffus&eacute; par le service de communication du tribunal sans que l'accus&eacute;e ou son avocat n'en aient pris connaissance, le tribunal lui reproche d'avoir rendu public l'existence et le contenu de deux ordonnances confidentielles dans son livre &laquo; Paix et ch&acirc;timent &raquo;, publi&eacute; en septembre dernier chez Flammarion. Il lui reproche &eacute;galement un article publi&eacute; par le Bosnian Institute en janvier 2008. <\/p>\n<p>Dans son livre, Florence Hartmann d&eacute;non&ccedil;ait les obstructions de la communaut&eacute; internationale &agrave; l'arrestation de Radovan Karadzic. Elle y r&eacute;v&eacute;lait &eacute;galement les pressions am&eacute;ricaines pour forcer le procureur du Tribunal p&eacute;nal international pour le Rwanda &agrave; abandonner l'enqu&ecirc;te sur l'attentat contre l'avion du pr&eacute;sident rwandais Juv&eacute;nal Habyarimana. <\/p>\n<p>L'enqu&ecirc;te pour outrage avait &eacute;t&eacute; ouverte en f&eacute;vrier 2008 et conduite par un enqu&ecirc;teur, ind&eacute;pendant du tribunal, d&eacute;sign&eacute; en qualit&eacute; d'Amicus Curiae, tout comme le procureur qui sera en charge de cette affaire. Cette proc&eacute;dure s'explique par le fait que Florence Hartmann a travaill&eacute; pendant six ans pour le parquet du tribunal. Au terme de l'enqu&ecirc;te, et dans le cadre d'une proc&eacute;dure assez inhabituelle, les juges ont ordonn&eacute; au procureur, le 27 ao&ucirc;t, de mettre Florence Hartmann en accusation, en dictant au parquet les chefs d'inculpation ainsi que les faits qui doivent &ecirc;tre retenus contre elle. <\/p>\n<p>Les deux ordonnances confidentielles vis&eacute;es par les juges datent du 20 septembre 2005 et du 6 avril 2006. Ces d&eacute;cisions avaient &eacute;t&eacute; rendues dans le cadre de l'affaire Milosevic. Pendant des mois, le procureur avait demand&eacute; au gouvernement serbe de coop&eacute;rer et de remettre au tribunal des pi&egrave;ces d&eacute;montrant l'implication de Belgrade dans les crimes commis dans la r&eacute;publique voisine de Bosnie-Herz&eacute;govine. La Serbie n'avait accept&eacute; de coop&eacute;rer qu'en &eacute;change de la confidentialit&eacute;, ce que le tribunal avait accept&eacute;, en premi&egrave;re instance puis en appel. Les documents avaient &eacute;t&eacute; examin&eacute;s &agrave; huis clos par la chambre au cours du proc&egrave;s. <\/p>\n<p>Ces documents, qui selon plusieurs experts contenaient des preuves tangibles de l'implication de Belgrade, et donc de l'ex-pr&eacute;sident serbe Slobodan Milosevic, &eacute;taient l'objet d'un autre enjeu. Car dans le m&ecirc;me temps, la Bosnie-Herz&eacute;govine poursuivait la Serbie pour g&eacute;nocide devant la Cour internationale de Justice (CIJ) qui est, elle, charg&eacute;e de r&eacute;gler les diff&eacute;rends entre Etats. Sarajevo avait &eacute;t&eacute; d&eacute;bout&eacute;e, faute notamment de preuves. <\/p>\n<p>L'avocat de Florence Hartmann, le fran&ccedil;ais Me William Bourdon, ancien secr&eacute;taire g&eacute;n&eacute;ral de la f&eacute;d&eacute;ration internationale des droits de l'Homme (FIDH), a jug&eacute; cette d&eacute;cision &laquo; ahurissante &raquo;. &laquo; Elle ne peut s'expliquer que par des consid&eacute;rations autres que juridiques &raquo; estime-t-il. &laquo; Poursuivre Mme Hartmann signifie que tous ceux qui l&eacute;gitimement, dans l'int&eacute;r&ecirc;t du public et de l'Histoire, souhaiteraient porter t&eacute;moignage de leur action au service de la justice p&eacute;nale internationale seraient baillonn&eacute;s &raquo;. Les &laquo; imperfections du TPIY n'ont pas vocation &agrave; &ecirc;tre pass&eacute;es sous silence &raquo;, ajoute-t-il. <\/p>\n<p>Pr&eacute;s d'une vingtaine d'affaires d'outrage &agrave; la Cour portant g&eacute;n&eacute;ralement sur la protection de t&eacute;moins ont &eacute;t&eacute; engag&eacute;es par le TPIY depuis 1993. Certains ont abouti &agrave; des condamnations. La plus lourde a jusqu'&agrave; pr&eacute;sent &eacute;t&eacute; une amende de 20.000 euros. Les peines peuvent aller jusqu'&agrave; 7 ans de prison et 100.000 euros d'amende. G&eacute;n&eacute;ralement, les poursuites pour outrage sont engag&eacute;es lorsque des t&eacute;moins sont mis en danger. Le TPIR a engag&eacute; des poursuites pour outrage dans deux cas contre un t&eacute;moin accus&eacute; de faux t&eacute;moignage qui a fait neuf mois de prison et contre un enqu&ecirc;teur accus&eacute; d'avoir incit&eacute; &agrave; de faux t&eacute;moignages. L'affaire, complexe, devrait &ecirc;tre jug&eacute;e &agrave; partir du 29 d&eacute;cembre prochain. <\/p>\n<p>SM\/PB\/GF <\/p>\n<p>&copy; Agence Hirondelle<\/p>\n","protected":false},"excerpt":{"rendered":"<p>La Haye, 28 Aout 2008 (FH) - Le tribunal p&eacute;nal international pour l'ex-Yougoslavie (TPIY) a mis en accusation, Florence Hartmann, l'ancienne porte-parole de la procureur Carla del Ponte, pour outrage au tribunal, a annonc&eacute; le service communication du tribunal.<\/p>\n","protected":false},"author":64,"featured_media":0,"comment_status":"open","ping_status":"closed","sticky":false,"template":"","format":"standard","meta":{"_acf_changed":false,"footnotes":""},"categories":[554],"tags":[],"ji_location":[],"class_list":["post-9663","post","type-post","status-publish","format-standard","hentry","category-hirondellenews"],"acf":[],"yoast_head":"<!-- This site is optimized with the Yoast SEO Premium plugin v25.3.1 (Yoast SEO v25.3.1) - https:\/\/yoast.com\/wordpress\/plugins\/seo\/ -->\n<title>28.08.08 - TPIY\/OUTRAGE - LE TRIBUNAL POUR L&#039;EX-YOUGOSLAVIE MET EN ACCUSATION FLORENCE HARTMANN - JusticeInfo.net<\/title>\n<meta name=\"robots\" content=\"index, follow, max-snippet:-1, max-image-preview:large, max-video-preview:-1\" \/>\n<link rel=\"canonical\" href=\"https:\/\/www.justiceinfo.net\/fr\/9663-280808-tpiyoutrage-le-tribunal-pour-lex-yougoslavie-met-en-accusation-florence-hartmann6469.html\" \/>\n<meta property=\"og:locale\" content=\"fr_FR\" \/>\n<meta property=\"og:type\" content=\"article\" \/>\n<meta property=\"og:title\" content=\"28.08.08 - TPIY\/OUTRAGE - LE TRIBUNAL POUR L&#039;EX-YOUGOSLAVIE MET EN ACCUSATION FLORENCE HARTMANN\" \/>\n<meta property=\"og:description\" content=\"La Haye, 28 Aout 2008 (FH) - Le tribunal p&eacute;nal international pour l&#039;ex-Yougoslavie (TPIY) a mis en accusation, Florence Hartmann, l&#039;ancienne porte-parole de la procureur Carla del Ponte, pour outrage au tribunal, a annonc&eacute; le service communication du tribunal.\" \/>\n<meta property=\"og:url\" content=\"https:\/\/www.justiceinfo.net\/fr\/9663-280808-tpiyoutrage-le-tribunal-pour-lex-yougoslavie-met-en-accusation-florence-hartmann6469.html\" \/>\n<meta property=\"og:site_name\" content=\"JusticeInfo.net\" \/>\n<meta property=\"article:publisher\" content=\"https:\/\/www.facebook.com\/JusticeInfo\/\" \/>\n<meta property=\"article:published_time\" content=\"2008-08-27T22:00:00+00:00\" \/>\n<meta property=\"og:image\" content=\"https:\/\/www.justiceinfo.net\/wp-content\/uploads\/JusticeInfoNet_logo_1200x630px.jpg\" \/>\n\t<meta property=\"og:image:width\" content=\"1200\" \/>\n\t<meta property=\"og:image:height\" content=\"630\" \/>\n\t<meta property=\"og:image:type\" content=\"image\/jpeg\" \/>\n<meta name=\"author\" content=\"solivri\" \/>\n<meta name=\"twitter:card\" content=\"summary_large_image\" \/>\n<meta name=\"twitter:creator\" content=\"@justiceinfonet\" \/>\n<meta name=\"twitter:site\" content=\"@justiceinfonet\" \/>\n<meta name=\"twitter:label1\" content=\"\u00c9crit par\" \/>\n\t<meta name=\"twitter:data1\" content=\"solivri\" \/>\n\t<meta name=\"twitter:label2\" content=\"Dur\u00e9e de lecture estim\u00e9e\" \/>\n\t<meta name=\"twitter:data2\" content=\"4 minutes\" \/>\n<script type=\"application\/ld+json\" class=\"yoast-schema-graph\">{\"@context\":\"https:\/\/schema.org\",\"@graph\":[{\"@type\":\"NewsArticle\",\"@id\":\"https:\/\/www.justiceinfo.net\/fr\/9663-280808-tpiyoutrage-le-tribunal-pour-lex-yougoslavie-met-en-accusation-florence-hartmann6469.html#article\",\"isPartOf\":{\"@id\":\"https:\/\/www.justiceinfo.net\/fr\/9663-280808-tpiyoutrage-le-tribunal-pour-lex-yougoslavie-met-en-accusation-florence-hartmann6469.html\"},\"author\":{\"name\":\"solivri\",\"@id\":\"https:\/\/www.justiceinfo.net\/fr#\/schema\/person\/6e53cba1629e2e66f3fc1821d3091865\"},\"headline\":\"28.08.08 - TPIY\/OUTRAGE - LE TRIBUNAL POUR L'EX-YOUGOSLAVIE MET EN ACCUSATION FLORENCE HARTMANN\",\"datePublished\":\"2008-08-27T22:00:00+00:00\",\"mainEntityOfPage\":{\"@id\":\"https:\/\/www.justiceinfo.net\/fr\/9663-280808-tpiyoutrage-le-tribunal-pour-lex-yougoslavie-met-en-accusation-florence-hartmann6469.html\"},\"wordCount\":839,\"commentCount\":0,\"publisher\":{\"@id\":\"https:\/\/www.justiceinfo.net\/fr#organization\"},\"articleSection\":[\"Hirondelle News\"],\"inLanguage\":\"fr-FR\",\"potentialAction\":[{\"@type\":\"CommentAction\",\"name\":\"Comment\",\"target\":[\"https:\/\/www.justiceinfo.net\/fr\/9663-280808-tpiyoutrage-le-tribunal-pour-lex-yougoslavie-met-en-accusation-florence-hartmann6469.html#respond\"]}]},{\"@type\":\"WebPage\",\"@id\":\"https:\/\/www.justiceinfo.net\/fr\/9663-280808-tpiyoutrage-le-tribunal-pour-lex-yougoslavie-met-en-accusation-florence-hartmann6469.html\",\"url\":\"https:\/\/www.justiceinfo.net\/fr\/9663-280808-tpiyoutrage-le-tribunal-pour-lex-yougoslavie-met-en-accusation-florence-hartmann6469.html\",\"name\":\"28.08.08 - TPIY\/OUTRAGE - LE TRIBUNAL POUR L'EX-YOUGOSLAVIE MET EN ACCUSATION FLORENCE HARTMANN - JusticeInfo.net\",\"isPartOf\":{\"@id\":\"https:\/\/www.justiceinfo.net\/fr#website\"},\"datePublished\":\"2008-08-27T22:00:00+00:00\",\"breadcrumb\":{\"@id\":\"https:\/\/www.justiceinfo.net\/fr\/9663-280808-tpiyoutrage-le-tribunal-pour-lex-yougoslavie-met-en-accusation-florence-hartmann6469.html#breadcrumb\"},\"inLanguage\":\"fr-FR\",\"potentialAction\":[{\"@type\":\"ReadAction\",\"target\":[\"https:\/\/www.justiceinfo.net\/fr\/9663-280808-tpiyoutrage-le-tribunal-pour-lex-yougoslavie-met-en-accusation-florence-hartmann6469.html\"]}]},{\"@type\":\"BreadcrumbList\",\"@id\":\"https:\/\/www.justiceinfo.net\/fr\/9663-280808-tpiyoutrage-le-tribunal-pour-lex-yougoslavie-met-en-accusation-florence-hartmann6469.html#breadcrumb\",\"itemListElement\":[{\"@type\":\"ListItem\",\"position\":1,\"name\":\"Home\",\"item\":\"https:\/\/www.justiceinfo.net\/fr\"},{\"@type\":\"ListItem\",\"position\":2,\"name\":\"28.08.08 - TPIY\/OUTRAGE - LE TRIBUNAL POUR L'EX-YOUGOSLAVIE MET EN ACCUSATION FLORENCE HARTMANN\"}]},{\"@type\":\"WebSite\",\"@id\":\"https:\/\/www.justiceinfo.net\/fr#website\",\"url\":\"https:\/\/www.justiceinfo.net\/fr\",\"name\":\"JusticeInfo.net\",\"description\":\"La justice doit \u00eatre vue pour \u00eatre rendue\",\"publisher\":{\"@id\":\"https:\/\/www.justiceinfo.net\/fr#organization\"},\"potentialAction\":[{\"@type\":\"SearchAction\",\"target\":{\"@type\":\"EntryPoint\",\"urlTemplate\":\"https:\/\/www.justiceinfo.net\/fr?s={search_term_string}\"},\"query-input\":{\"@type\":\"PropertyValueSpecification\",\"valueRequired\":true,\"valueName\":\"search_term_string\"}}],\"inLanguage\":\"fr-FR\"},{\"@type\":\"Organization\",\"@id\":\"https:\/\/www.justiceinfo.net\/fr#organization\",\"name\":\"Justice Info\",\"url\":\"https:\/\/www.justiceinfo.net\/fr\",\"logo\":{\"@type\":\"ImageObject\",\"inLanguage\":\"fr-FR\",\"@id\":\"https:\/\/www.justiceinfo.net\/fr#\/schema\/logo\/image\/\",\"url\":\"https:\/\/www.justiceinfo.net\/wp-content\/uploads\/justiceinfo_logo-trans_1200x1200px.png\",\"contentUrl\":\"https:\/\/www.justiceinfo.net\/wp-content\/uploads\/justiceinfo_logo-trans_1200x1200px.png\",\"width\":1199,\"height\":1200,\"caption\":\"Justice Info\"},\"image\":{\"@id\":\"https:\/\/www.justiceinfo.net\/fr#\/schema\/logo\/image\/\"},\"sameAs\":[\"https:\/\/www.facebook.com\/JusticeInfo\/\",\"https:\/\/x.com\/justiceinfonet\",\"https:\/\/www.linkedin.com\/company\/justice-info\",\"https:\/\/www.youtube.com\/channel\/UCyCEsARodyuWtkWyhn-e7pA\"]},{\"@type\":\"Person\",\"name\":\"solivri\",\"url\":\"\/fr\/?s=solivri\"}]}<\/script>\n<!-- \/ Yoast SEO Premium plugin. -->","yoast_head_json":{"title":"28.08.08 - TPIY\/OUTRAGE - LE TRIBUNAL POUR L'EX-YOUGOSLAVIE MET EN ACCUSATION FLORENCE HARTMANN - JusticeInfo.net","robots":{"index":"index","follow":"follow","max-snippet":"max-snippet:-1","max-image-preview":"max-image-preview:large","max-video-preview":"max-video-preview:-1"},"canonical":"https:\/\/www.justiceinfo.net\/fr\/9663-280808-tpiyoutrage-le-tribunal-pour-lex-yougoslavie-met-en-accusation-florence-hartmann6469.html","og_locale":"fr_FR","og_type":"article","og_title":"28.08.08 - TPIY\/OUTRAGE - LE TRIBUNAL POUR L'EX-YOUGOSLAVIE MET EN ACCUSATION FLORENCE HARTMANN","og_description":"La Haye, 28 Aout 2008 (FH) - Le tribunal p&eacute;nal international pour l'ex-Yougoslavie (TPIY) a mis en accusation, Florence Hartmann, l'ancienne porte-parole de la procureur Carla del Ponte, pour outrage au tribunal, a annonc&eacute; le service communication du tribunal.","og_url":"https:\/\/www.justiceinfo.net\/fr\/9663-280808-tpiyoutrage-le-tribunal-pour-lex-yougoslavie-met-en-accusation-florence-hartmann6469.html","og_site_name":"JusticeInfo.net","article_publisher":"https:\/\/www.facebook.com\/JusticeInfo\/","article_published_time":"2008-08-27T22:00:00+00:00","og_image":[{"width":1200,"height":630,"url":"https:\/\/www.justiceinfo.net\/wp-content\/uploads\/JusticeInfoNet_logo_1200x630px.jpg","type":"image\/jpeg"}],"author":"solivri","twitter_card":"summary_large_image","twitter_creator":"@justiceinfonet","twitter_site":"@justiceinfonet","twitter_misc":{"\u00c9crit par":"solivri","Dur\u00e9e de lecture estim\u00e9e":"4 minutes"},"schema":{"@context":"https:\/\/schema.org","@graph":[{"@type":"NewsArticle","@id":"https:\/\/www.justiceinfo.net\/fr\/9663-280808-tpiyoutrage-le-tribunal-pour-lex-yougoslavie-met-en-accusation-florence-hartmann6469.html#article","isPartOf":{"@id":"https:\/\/www.justiceinfo.net\/fr\/9663-280808-tpiyoutrage-le-tribunal-pour-lex-yougoslavie-met-en-accusation-florence-hartmann6469.html"},"author":{"name":"solivri","@id":"https:\/\/www.justiceinfo.net\/fr#\/schema\/person\/6e53cba1629e2e66f3fc1821d3091865"},"headline":"28.08.08 - TPIY\/OUTRAGE - LE TRIBUNAL POUR L'EX-YOUGOSLAVIE MET EN ACCUSATION FLORENCE HARTMANN","datePublished":"2008-08-27T22:00:00+00:00","mainEntityOfPage":{"@id":"https:\/\/www.justiceinfo.net\/fr\/9663-280808-tpiyoutrage-le-tribunal-pour-lex-yougoslavie-met-en-accusation-florence-hartmann6469.html"},"wordCount":839,"commentCount":0,"publisher":{"@id":"https:\/\/www.justiceinfo.net\/fr#organization"},"articleSection":["Hirondelle News"],"inLanguage":"fr-FR","potentialAction":[{"@type":"CommentAction","name":"Comment","target":["https:\/\/www.justiceinfo.net\/fr\/9663-280808-tpiyoutrage-le-tribunal-pour-lex-yougoslavie-met-en-accusation-florence-hartmann6469.html#respond"]}]},{"@type":"WebPage","@id":"https:\/\/www.justiceinfo.net\/fr\/9663-280808-tpiyoutrage-le-tribunal-pour-lex-yougoslavie-met-en-accusation-florence-hartmann6469.html","url":"https:\/\/www.justiceinfo.net\/fr\/9663-280808-tpiyoutrage-le-tribunal-pour-lex-yougoslavie-met-en-accusation-florence-hartmann6469.html","name":"28.08.08 - TPIY\/OUTRAGE - LE TRIBUNAL POUR L'EX-YOUGOSLAVIE MET EN ACCUSATION FLORENCE HARTMANN - JusticeInfo.net","isPartOf":{"@id":"https:\/\/www.justiceinfo.net\/fr#website"},"datePublished":"2008-08-27T22:00:00+00:00","breadcrumb":{"@id":"https:\/\/www.justiceinfo.net\/fr\/9663-280808-tpiyoutrage-le-tribunal-pour-lex-yougoslavie-met-en-accusation-florence-hartmann6469.html#breadcrumb"},"inLanguage":"fr-FR","potentialAction":[{"@type":"ReadAction","target":["https:\/\/www.justiceinfo.net\/fr\/9663-280808-tpiyoutrage-le-tribunal-pour-lex-yougoslavie-met-en-accusation-florence-hartmann6469.html"]}]},{"@type":"BreadcrumbList","@id":"https:\/\/www.justiceinfo.net\/fr\/9663-280808-tpiyoutrage-le-tribunal-pour-lex-yougoslavie-met-en-accusation-florence-hartmann6469.html#breadcrumb","itemListElement":[{"@type":"ListItem","position":1,"name":"Home","item":"https:\/\/www.justiceinfo.net\/fr"},{"@type":"ListItem","position":2,"name":"28.08.08 - TPIY\/OUTRAGE - LE TRIBUNAL POUR L'EX-YOUGOSLAVIE MET EN ACCUSATION FLORENCE HARTMANN"}]},{"@type":"WebSite","@id":"https:\/\/www.justiceinfo.net\/fr#website","url":"https:\/\/www.justiceinfo.net\/fr","name":"JusticeInfo.net","description":"La justice doit \u00eatre vue pour \u00eatre rendue","publisher":{"@id":"https:\/\/www.justiceinfo.net\/fr#organization"},"potentialAction":[{"@type":"SearchAction","target":{"@type":"EntryPoint","urlTemplate":"https:\/\/www.justiceinfo.net\/fr?s={search_term_string}"},"query-input":{"@type":"PropertyValueSpecification","valueRequired":true,"valueName":"search_term_string"}}],"inLanguage":"fr-FR"},{"@type":"Organization","@id":"https:\/\/www.justiceinfo.net\/fr#organization","name":"Justice Info","url":"https:\/\/www.justiceinfo.net\/fr","logo":{"@type":"ImageObject","inLanguage":"fr-FR","@id":"https:\/\/www.justiceinfo.net\/fr#\/schema\/logo\/image\/","url":"https:\/\/www.justiceinfo.net\/wp-content\/uploads\/justiceinfo_logo-trans_1200x1200px.png","contentUrl":"https:\/\/www.justiceinfo.net\/wp-content\/uploads\/justiceinfo_logo-trans_1200x1200px.png","width":1199,"height":1200,"caption":"Justice Info"},"image":{"@id":"https:\/\/www.justiceinfo.net\/fr#\/schema\/logo\/image\/"},"sameAs":["https:\/\/www.facebook.com\/JusticeInfo\/","https:\/\/x.com\/justiceinfonet","https:\/\/www.linkedin.com\/company\/justice-info","https:\/\/www.youtube.com\/channel\/UCyCEsARodyuWtkWyhn-e7pA"]},{"@type":"Person","name":"solivri","url":"\/fr\/?s=solivri"}]}},"_links":{"self":[{"href":"https:\/\/www.justiceinfo.net\/fr\/wp-json\/wp\/v2\/posts\/9663","targetHints":{"allow":["GET"]}}],"collection":[{"href":"https:\/\/www.justiceinfo.net\/fr\/wp-json\/wp\/v2\/posts"}],"about":[{"href":"https:\/\/www.justiceinfo.net\/fr\/wp-json\/wp\/v2\/types\/post"}],"author":[{"embeddable":true,"href":"https:\/\/www.justiceinfo.net\/fr\/wp-json\/wp\/v2\/users\/64"}],"replies":[{"embeddable":true,"href":"https:\/\/www.justiceinfo.net\/fr\/wp-json\/wp\/v2\/comments?post=9663"}],"version-history":[{"count":0,"href":"https:\/\/www.justiceinfo.net\/fr\/wp-json\/wp\/v2\/posts\/9663\/revisions"}],"wp:attachment":[{"href":"https:\/\/www.justiceinfo.net\/fr\/wp-json\/wp\/v2\/media?parent=9663"}],"wp:term":[{"taxonomy":"category","embeddable":true,"href":"https:\/\/www.justiceinfo.net\/fr\/wp-json\/wp\/v2\/categories?post=9663"},{"taxonomy":"post_tag","embeddable":true,"href":"https:\/\/www.justiceinfo.net\/fr\/wp-json\/wp\/v2\/tags?post=9663"},{"taxonomy":"ji_location","embeddable":true,"href":"https:\/\/www.justiceinfo.net\/fr\/wp-json\/wp\/v2\/ji_location?post=9663"}],"curies":[{"name":"wp","href":"https:\/\/api.w.org\/{rel}","templated":true}]}}