{"id":9673,"date":"2008-08-25T00:00:00","date_gmt":"2008-08-24T22:00:00","guid":{"rendered":"https:\/\/www.justiceinfo.net\/9673-250808-tpirsetako-ouverture-du-proces-du-lieutenant-colonel-ephrem-setako6479.html"},"modified":"2008-08-25T00:00:00","modified_gmt":"2008-08-24T22:00:00","slug":"250808-tpirsetako-ouverture-du-proces-du-lieutenant-colonel-ephrem-setako6479","status":"publish","type":"post","link":"https:\/\/www.justiceinfo.net\/fr\/9673-250808-tpirsetako-ouverture-du-proces-du-lieutenant-colonel-ephrem-setako6479.html","title":{"rendered":"25.08.08 - TPIR\/SETAKO - OUVERTURE DU PROCES DU LIEUTENANT-COLONEL EPHREM SETAKO"},"content":{"rendered":"<p>\nArusha, 25 ao&ucirc;t 2008 (FH) - Le proc&egrave;s d'un ancien cadre sup&eacute;rieur au minist&egrave;re rwandais de la D&eacute;fense, le lieutenant-colonel Ephrem Setako, accus&eacute; notamment de g&eacute;nocide, a d&eacute;marr&eacute; lundi matin devant le Tribunal p&eacute;nal international pour le Rwanda (TPIR).\n<\/p>\n<p><!--more--><\/p>\n<p>\nDipl&ocirc;m&eacute; de la facult&eacute; de Droit de l'Universit&eacute; nationale du Rwanda (UNR), l'officier qui plaide non coupable, &eacute;tait pendant le g&eacute;nocide de 1994, directeur des Affaires juridiques au minist&egrave;re de la D&eacute;fense. <\/p>\n<p>N&eacute; en mai 1949, dans la commune de Nkuli, dans la province de Ruhengeri (nord), Setako, pr&eacute;sent&eacute; comme un privil&eacute;gi&eacute; car il &eacute;tait originaire de la m&ecirc;me r&eacute;gion que le pr&eacute;sident Juv&eacute;nal Habyarimana, r&eacute;pond de six chefs d'accusation dont g&eacute;nocide, crimes contre l'humanit&eacute; et crimes de guerre. <\/p>\n<p>&laquo; L'accus&eacute; a particip&eacute; activement au g&eacute;nocide. C'est notre th&egrave;se. Il fut l'un des principaux planificateurs et ex&eacute;cutants &raquo; du g&eacute;nocide dans sa r&eacute;gion natale de Ruhengeri et &agrave; Kigali, a affirm&eacute; la procureur Ifeoma Ojemini-Okali, dans une longue d&eacute;claration liminaire. &laquo; Il a publiquement et directement d&eacute;montr&eacute; sa haine des Tutsis lors de r&eacute;unions tenues avant et en 1994 &raquo;, a accus&eacute; la repr&eacute;sentante nig&eacute;riane du bureau du procureur, soulignant que le lieutenant-colonel &eacute;tait un homme influent et respect&eacute; au sein de l'arm&eacute;e et de la communaut&eacute;. <\/p>\n<p>Selon Mme Okali, Setako a pris part &agrave; la formation des miliciens Interahamwe, leur a distribu&eacute; des armes et leur a ordonn&eacute; de tuer les Tutsis dans plusieurs communes de sa pr&eacute;fecture ainsi que dans la capitale. <\/p>\n<p>Elle a promis de citer &agrave; la barre &laquo; 25 t&eacute;moins, parmi lesquels des victimes mais aussi des complices &raquo; de l'accus&eacute;, qui, selon elle, agissaient dans le cadre d'une entreprise commune, impliquant, entre autres, plusieurs hauts responsables civils et militaires. <\/p>\n<p>De son c&ocirc;t&eacute;, le conseil principal de la d&eacute;fense, l'Am&eacute;ricain Lennox Hinds, a fait remarquer &agrave; la chambre que son client n'a jamais &eacute;t&eacute; mis en cause ni &agrave; Kigali, ni &agrave; Ruhengeri, lors des proc&egrave;s devant les juridictions semi-traditionnelles rwandaises charg&eacute;es de juger la plupart des responsables pr&eacute;sum&eacute;s du g&eacute;nocide. <\/p>\n<p>Apr&egrave;s un bref d&eacute;bat sur des exceptions soulev&eacute;es par la d&eacute;fense, la chambre a commenc&eacute; l'audition du premier t&eacute;moin &agrave; charge, un homme d&eacute;sign&eacute; par le pseudonyme SAA pour pr&eacute;server son anonymat. Setako a &eacute;t&eacute; arr&ecirc;t&eacute; en f&eacute;vrier 2004 dans un centre de demandeurs d'asile aux Pays Bas. <\/p>\n<p>Son proc&egrave;s est le deuxi&egrave;me &agrave; d&eacute;buter cette ann&eacute;e apr&egrave;s celui, ouvert en mai dernier, de l'ancien directeur de cabinet du ministre de l'Int&eacute;rieur, Callixte Kalimanzira. <\/p>\n<p>Alors que le mandat des juges du TPIR a &eacute;t&eacute; prolong&eacute; jusque fin 2009, sept d&eacute;tenus attendent encore de compara&icirc;tre devant ce tribunal. Une proc&eacute;dure de transfert est &eacute;galement cours pour un accus&eacute; d&eacute;tenu en Allemagne. Treize autres accus&eacute;s sont en fuite. Depuis le d&eacute;but de ses audiences en 1997, le TPIR a prononc&eacute; 30 condamnations et 5 acquittements.<\/p>\n<p>ER\/PB\/GF<\/p>\n<p>&copy; Agence Hirondelle<\/p>\n","protected":false},"excerpt":{"rendered":"<p>Arusha, 25 ao&ucirc;t 2008 (FH) - Le proc&egrave;s d'un ancien cadre sup&eacute;rieur au minist&egrave;re rwandais de la D&eacute;fense, le lieutenant-colonel Ephrem Setako, accus&eacute; notamment de g&eacute;nocide, a d&eacute;marr&eacute; lundi matin devant le Tribunal p&eacute;nal international pour le Rwanda (TPIR).<\/p>\n","protected":false},"author":64,"featured_media":0,"comment_status":"open","ping_status":"closed","sticky":false,"template":"","format":"standard","meta":{"_acf_changed":false,"footnotes":""},"categories":[554],"tags":[],"ji_location":[],"class_list":["post-9673","post","type-post","status-publish","format-standard","hentry","category-hirondellenews"],"acf":[],"yoast_head":"<!-- This site is optimized with the Yoast SEO Premium plugin v25.3.1 (Yoast SEO v25.3.1) - https:\/\/yoast.com\/wordpress\/plugins\/seo\/ -->\n<title>25.08.08 - TPIR\/SETAKO - OUVERTURE DU PROCES DU LIEUTENANT-COLONEL EPHREM SETAKO - JusticeInfo.net<\/title>\n<meta name=\"robots\" content=\"index, follow, max-snippet:-1, max-image-preview:large, max-video-preview:-1\" \/>\n<link rel=\"canonical\" href=\"https:\/\/www.justiceinfo.net\/fr\/9673-250808-tpirsetako-ouverture-du-proces-du-lieutenant-colonel-ephrem-setako6479.html\" \/>\n<meta property=\"og:locale\" content=\"fr_FR\" \/>\n<meta property=\"og:type\" content=\"article\" \/>\n<meta property=\"og:title\" content=\"25.08.08 - TPIR\/SETAKO - OUVERTURE DU PROCES DU LIEUTENANT-COLONEL EPHREM SETAKO\" \/>\n<meta property=\"og:description\" content=\"Arusha, 25 ao&ucirc;t 2008 (FH) - Le proc&egrave;s d&#039;un ancien cadre sup&eacute;rieur au minist&egrave;re rwandais de la D&eacute;fense, le lieutenant-colonel Ephrem Setako, accus&eacute; notamment de g&eacute;nocide, a d&eacute;marr&eacute; lundi matin devant le Tribunal p&eacute;nal international pour le Rwanda (TPIR).\" \/>\n<meta property=\"og:url\" content=\"https:\/\/www.justiceinfo.net\/fr\/9673-250808-tpirsetako-ouverture-du-proces-du-lieutenant-colonel-ephrem-setako6479.html\" \/>\n<meta property=\"og:site_name\" content=\"JusticeInfo.net\" \/>\n<meta property=\"article:publisher\" content=\"https:\/\/www.facebook.com\/JusticeInfo\/\" \/>\n<meta property=\"article:published_time\" content=\"2008-08-24T22:00:00+00:00\" \/>\n<meta property=\"og:image\" content=\"https:\/\/www.justiceinfo.net\/wp-content\/uploads\/JusticeInfoNet_logo_1200x630px.jpg\" \/>\n\t<meta property=\"og:image:width\" content=\"1200\" \/>\n\t<meta property=\"og:image:height\" content=\"630\" \/>\n\t<meta property=\"og:image:type\" content=\"image\/jpeg\" \/>\n<meta name=\"author\" content=\"solivri\" \/>\n<meta name=\"twitter:card\" content=\"summary_large_image\" \/>\n<meta name=\"twitter:creator\" content=\"@justiceinfonet\" \/>\n<meta name=\"twitter:site\" content=\"@justiceinfonet\" \/>\n<meta name=\"twitter:label1\" content=\"\u00c9crit par\" \/>\n\t<meta name=\"twitter:data1\" content=\"solivri\" \/>\n\t<meta name=\"twitter:label2\" content=\"Dur\u00e9e de lecture estim\u00e9e\" \/>\n\t<meta name=\"twitter:data2\" content=\"3 minutes\" \/>\n<script type=\"application\/ld+json\" class=\"yoast-schema-graph\">{\"@context\":\"https:\/\/schema.org\",\"@graph\":[{\"@type\":\"NewsArticle\",\"@id\":\"https:\/\/www.justiceinfo.net\/fr\/9673-250808-tpirsetako-ouverture-du-proces-du-lieutenant-colonel-ephrem-setako6479.html#article\",\"isPartOf\":{\"@id\":\"https:\/\/www.justiceinfo.net\/fr\/9673-250808-tpirsetako-ouverture-du-proces-du-lieutenant-colonel-ephrem-setako6479.html\"},\"author\":{\"name\":\"solivri\",\"@id\":\"https:\/\/www.justiceinfo.net\/fr#\/schema\/person\/6e53cba1629e2e66f3fc1821d3091865\"},\"headline\":\"25.08.08 - TPIR\/SETAKO - OUVERTURE DU PROCES DU LIEUTENANT-COLONEL EPHREM SETAKO\",\"datePublished\":\"2008-08-24T22:00:00+00:00\",\"mainEntityOfPage\":{\"@id\":\"https:\/\/www.justiceinfo.net\/fr\/9673-250808-tpirsetako-ouverture-du-proces-du-lieutenant-colonel-ephrem-setako6479.html\"},\"wordCount\":651,\"commentCount\":0,\"publisher\":{\"@id\":\"https:\/\/www.justiceinfo.net\/fr#organization\"},\"articleSection\":[\"Hirondelle News\"],\"inLanguage\":\"fr-FR\",\"potentialAction\":[{\"@type\":\"CommentAction\",\"name\":\"Comment\",\"target\":[\"https:\/\/www.justiceinfo.net\/fr\/9673-250808-tpirsetako-ouverture-du-proces-du-lieutenant-colonel-ephrem-setako6479.html#respond\"]}]},{\"@type\":\"WebPage\",\"@id\":\"https:\/\/www.justiceinfo.net\/fr\/9673-250808-tpirsetako-ouverture-du-proces-du-lieutenant-colonel-ephrem-setako6479.html\",\"url\":\"https:\/\/www.justiceinfo.net\/fr\/9673-250808-tpirsetako-ouverture-du-proces-du-lieutenant-colonel-ephrem-setako6479.html\",\"name\":\"25.08.08 - TPIR\/SETAKO - OUVERTURE DU PROCES DU LIEUTENANT-COLONEL EPHREM SETAKO - JusticeInfo.net\",\"isPartOf\":{\"@id\":\"https:\/\/www.justiceinfo.net\/fr#website\"},\"datePublished\":\"2008-08-24T22:00:00+00:00\",\"breadcrumb\":{\"@id\":\"https:\/\/www.justiceinfo.net\/fr\/9673-250808-tpirsetako-ouverture-du-proces-du-lieutenant-colonel-ephrem-setako6479.html#breadcrumb\"},\"inLanguage\":\"fr-FR\",\"potentialAction\":[{\"@type\":\"ReadAction\",\"target\":[\"https:\/\/www.justiceinfo.net\/fr\/9673-250808-tpirsetako-ouverture-du-proces-du-lieutenant-colonel-ephrem-setako6479.html\"]}]},{\"@type\":\"BreadcrumbList\",\"@id\":\"https:\/\/www.justiceinfo.net\/fr\/9673-250808-tpirsetako-ouverture-du-proces-du-lieutenant-colonel-ephrem-setako6479.html#breadcrumb\",\"itemListElement\":[{\"@type\":\"ListItem\",\"position\":1,\"name\":\"Home\",\"item\":\"https:\/\/www.justiceinfo.net\/fr\"},{\"@type\":\"ListItem\",\"position\":2,\"name\":\"25.08.08 - TPIR\/SETAKO - OUVERTURE DU PROCES DU LIEUTENANT-COLONEL EPHREM SETAKO\"}]},{\"@type\":\"WebSite\",\"@id\":\"https:\/\/www.justiceinfo.net\/fr#website\",\"url\":\"https:\/\/www.justiceinfo.net\/fr\",\"name\":\"JusticeInfo.net\",\"description\":\"La justice doit \u00eatre vue pour \u00eatre rendue\",\"publisher\":{\"@id\":\"https:\/\/www.justiceinfo.net\/fr#organization\"},\"potentialAction\":[{\"@type\":\"SearchAction\",\"target\":{\"@type\":\"EntryPoint\",\"urlTemplate\":\"https:\/\/www.justiceinfo.net\/fr?s={search_term_string}\"},\"query-input\":{\"@type\":\"PropertyValueSpecification\",\"valueRequired\":true,\"valueName\":\"search_term_string\"}}],\"inLanguage\":\"fr-FR\"},{\"@type\":\"Organization\",\"@id\":\"https:\/\/www.justiceinfo.net\/fr#organization\",\"name\":\"Justice Info\",\"url\":\"https:\/\/www.justiceinfo.net\/fr\",\"logo\":{\"@type\":\"ImageObject\",\"inLanguage\":\"fr-FR\",\"@id\":\"https:\/\/www.justiceinfo.net\/fr#\/schema\/logo\/image\/\",\"url\":\"https:\/\/www.justiceinfo.net\/wp-content\/uploads\/justiceinfo_logo-trans_1200x1200px.png\",\"contentUrl\":\"https:\/\/www.justiceinfo.net\/wp-content\/uploads\/justiceinfo_logo-trans_1200x1200px.png\",\"width\":1199,\"height\":1200,\"caption\":\"Justice Info\"},\"image\":{\"@id\":\"https:\/\/www.justiceinfo.net\/fr#\/schema\/logo\/image\/\"},\"sameAs\":[\"https:\/\/www.facebook.com\/JusticeInfo\/\",\"https:\/\/x.com\/justiceinfonet\",\"https:\/\/www.linkedin.com\/company\/justice-info\",\"https:\/\/www.youtube.com\/channel\/UCyCEsARodyuWtkWyhn-e7pA\"]},{\"@type\":\"Person\",\"name\":\"solivri\",\"url\":\"\/fr\/?s=solivri\"}]}<\/script>\n<!-- \/ Yoast SEO Premium plugin. -->","yoast_head_json":{"title":"25.08.08 - TPIR\/SETAKO - OUVERTURE DU PROCES DU LIEUTENANT-COLONEL EPHREM SETAKO - JusticeInfo.net","robots":{"index":"index","follow":"follow","max-snippet":"max-snippet:-1","max-image-preview":"max-image-preview:large","max-video-preview":"max-video-preview:-1"},"canonical":"https:\/\/www.justiceinfo.net\/fr\/9673-250808-tpirsetako-ouverture-du-proces-du-lieutenant-colonel-ephrem-setako6479.html","og_locale":"fr_FR","og_type":"article","og_title":"25.08.08 - TPIR\/SETAKO - OUVERTURE DU PROCES DU LIEUTENANT-COLONEL EPHREM SETAKO","og_description":"Arusha, 25 ao&ucirc;t 2008 (FH) - Le proc&egrave;s d'un ancien cadre sup&eacute;rieur au minist&egrave;re rwandais de la D&eacute;fense, le lieutenant-colonel Ephrem Setako, accus&eacute; notamment de g&eacute;nocide, a d&eacute;marr&eacute; lundi matin devant le Tribunal p&eacute;nal international pour le Rwanda (TPIR).","og_url":"https:\/\/www.justiceinfo.net\/fr\/9673-250808-tpirsetako-ouverture-du-proces-du-lieutenant-colonel-ephrem-setako6479.html","og_site_name":"JusticeInfo.net","article_publisher":"https:\/\/www.facebook.com\/JusticeInfo\/","article_published_time":"2008-08-24T22:00:00+00:00","og_image":[{"width":1200,"height":630,"url":"https:\/\/www.justiceinfo.net\/wp-content\/uploads\/JusticeInfoNet_logo_1200x630px.jpg","type":"image\/jpeg"}],"author":"solivri","twitter_card":"summary_large_image","twitter_creator":"@justiceinfonet","twitter_site":"@justiceinfonet","twitter_misc":{"\u00c9crit par":"solivri","Dur\u00e9e de lecture estim\u00e9e":"3 minutes"},"schema":{"@context":"https:\/\/schema.org","@graph":[{"@type":"NewsArticle","@id":"https:\/\/www.justiceinfo.net\/fr\/9673-250808-tpirsetako-ouverture-du-proces-du-lieutenant-colonel-ephrem-setako6479.html#article","isPartOf":{"@id":"https:\/\/www.justiceinfo.net\/fr\/9673-250808-tpirsetako-ouverture-du-proces-du-lieutenant-colonel-ephrem-setako6479.html"},"author":{"name":"solivri","@id":"https:\/\/www.justiceinfo.net\/fr#\/schema\/person\/6e53cba1629e2e66f3fc1821d3091865"},"headline":"25.08.08 - TPIR\/SETAKO - OUVERTURE DU PROCES DU LIEUTENANT-COLONEL EPHREM SETAKO","datePublished":"2008-08-24T22:00:00+00:00","mainEntityOfPage":{"@id":"https:\/\/www.justiceinfo.net\/fr\/9673-250808-tpirsetako-ouverture-du-proces-du-lieutenant-colonel-ephrem-setako6479.html"},"wordCount":651,"commentCount":0,"publisher":{"@id":"https:\/\/www.justiceinfo.net\/fr#organization"},"articleSection":["Hirondelle News"],"inLanguage":"fr-FR","potentialAction":[{"@type":"CommentAction","name":"Comment","target":["https:\/\/www.justiceinfo.net\/fr\/9673-250808-tpirsetako-ouverture-du-proces-du-lieutenant-colonel-ephrem-setako6479.html#respond"]}]},{"@type":"WebPage","@id":"https:\/\/www.justiceinfo.net\/fr\/9673-250808-tpirsetako-ouverture-du-proces-du-lieutenant-colonel-ephrem-setako6479.html","url":"https:\/\/www.justiceinfo.net\/fr\/9673-250808-tpirsetako-ouverture-du-proces-du-lieutenant-colonel-ephrem-setako6479.html","name":"25.08.08 - TPIR\/SETAKO - OUVERTURE DU PROCES DU LIEUTENANT-COLONEL EPHREM SETAKO - JusticeInfo.net","isPartOf":{"@id":"https:\/\/www.justiceinfo.net\/fr#website"},"datePublished":"2008-08-24T22:00:00+00:00","breadcrumb":{"@id":"https:\/\/www.justiceinfo.net\/fr\/9673-250808-tpirsetako-ouverture-du-proces-du-lieutenant-colonel-ephrem-setako6479.html#breadcrumb"},"inLanguage":"fr-FR","potentialAction":[{"@type":"ReadAction","target":["https:\/\/www.justiceinfo.net\/fr\/9673-250808-tpirsetako-ouverture-du-proces-du-lieutenant-colonel-ephrem-setako6479.html"]}]},{"@type":"BreadcrumbList","@id":"https:\/\/www.justiceinfo.net\/fr\/9673-250808-tpirsetako-ouverture-du-proces-du-lieutenant-colonel-ephrem-setako6479.html#breadcrumb","itemListElement":[{"@type":"ListItem","position":1,"name":"Home","item":"https:\/\/www.justiceinfo.net\/fr"},{"@type":"ListItem","position":2,"name":"25.08.08 - TPIR\/SETAKO - OUVERTURE DU PROCES DU LIEUTENANT-COLONEL EPHREM SETAKO"}]},{"@type":"WebSite","@id":"https:\/\/www.justiceinfo.net\/fr#website","url":"https:\/\/www.justiceinfo.net\/fr","name":"JusticeInfo.net","description":"La justice doit \u00eatre vue pour \u00eatre rendue","publisher":{"@id":"https:\/\/www.justiceinfo.net\/fr#organization"},"potentialAction":[{"@type":"SearchAction","target":{"@type":"EntryPoint","urlTemplate":"https:\/\/www.justiceinfo.net\/fr?s={search_term_string}"},"query-input":{"@type":"PropertyValueSpecification","valueRequired":true,"valueName":"search_term_string"}}],"inLanguage":"fr-FR"},{"@type":"Organization","@id":"https:\/\/www.justiceinfo.net\/fr#organization","name":"Justice Info","url":"https:\/\/www.justiceinfo.net\/fr","logo":{"@type":"ImageObject","inLanguage":"fr-FR","@id":"https:\/\/www.justiceinfo.net\/fr#\/schema\/logo\/image\/","url":"https:\/\/www.justiceinfo.net\/wp-content\/uploads\/justiceinfo_logo-trans_1200x1200px.png","contentUrl":"https:\/\/www.justiceinfo.net\/wp-content\/uploads\/justiceinfo_logo-trans_1200x1200px.png","width":1199,"height":1200,"caption":"Justice Info"},"image":{"@id":"https:\/\/www.justiceinfo.net\/fr#\/schema\/logo\/image\/"},"sameAs":["https:\/\/www.facebook.com\/JusticeInfo\/","https:\/\/x.com\/justiceinfonet","https:\/\/www.linkedin.com\/company\/justice-info","https:\/\/www.youtube.com\/channel\/UCyCEsARodyuWtkWyhn-e7pA"]},{"@type":"Person","name":"solivri","url":"\/fr\/?s=solivri"}]}},"_links":{"self":[{"href":"https:\/\/www.justiceinfo.net\/fr\/wp-json\/wp\/v2\/posts\/9673","targetHints":{"allow":["GET"]}}],"collection":[{"href":"https:\/\/www.justiceinfo.net\/fr\/wp-json\/wp\/v2\/posts"}],"about":[{"href":"https:\/\/www.justiceinfo.net\/fr\/wp-json\/wp\/v2\/types\/post"}],"author":[{"embeddable":true,"href":"https:\/\/www.justiceinfo.net\/fr\/wp-json\/wp\/v2\/users\/64"}],"replies":[{"embeddable":true,"href":"https:\/\/www.justiceinfo.net\/fr\/wp-json\/wp\/v2\/comments?post=9673"}],"version-history":[{"count":0,"href":"https:\/\/www.justiceinfo.net\/fr\/wp-json\/wp\/v2\/posts\/9673\/revisions"}],"wp:attachment":[{"href":"https:\/\/www.justiceinfo.net\/fr\/wp-json\/wp\/v2\/media?parent=9673"}],"wp:term":[{"taxonomy":"category","embeddable":true,"href":"https:\/\/www.justiceinfo.net\/fr\/wp-json\/wp\/v2\/categories?post=9673"},{"taxonomy":"post_tag","embeddable":true,"href":"https:\/\/www.justiceinfo.net\/fr\/wp-json\/wp\/v2\/tags?post=9673"},{"taxonomy":"ji_location","embeddable":true,"href":"https:\/\/www.justiceinfo.net\/fr\/wp-json\/wp\/v2\/ji_location?post=9673"}],"curies":[{"name":"wp","href":"https:\/\/api.w.org\/{rel}","templated":true}]}}