{"id":9680,"date":"2008-08-29T00:00:00","date_gmt":"2008-08-28T22:00:00","guid":{"rendered":"https:\/\/www.justiceinfo.net\/9680-290808-rwandacanada-ntagerura-poursuit-le-canada-pour-ne-pas-avoir-recu-lasile6486.html"},"modified":"2008-08-29T00:00:00","modified_gmt":"2008-08-28T22:00:00","slug":"290808-rwandacanada-ntagerura-poursuit-le-canada-pour-ne-pas-avoir-recu-lasile6486","status":"publish","type":"post","link":"https:\/\/www.justiceinfo.net\/fr\/9680-290808-rwandacanada-ntagerura-poursuit-le-canada-pour-ne-pas-avoir-recu-lasile6486.html","title":{"rendered":"29.08.08 - RWANDA\/CANADA - NTAGERURA POURSUIT LE CANADA POUR NE PAS AVOIR RECU L'ASILE"},"content":{"rendered":"<p>\nMontr&eacute;al, 29 ao&ucirc;t 2008 (FH) - L'avocat d'Andr&eacute; Ntagerura a r&eacute;cemment d&eacute;pos&eacute; une requ&ecirc;te en Cour f&eacute;d&eacute;rale afin d'ordonner &agrave; la ministre canadienne de l'Immigration d'accorder l'asile &agrave; cet ancien homme politique rwandais, a appris l'agence Hirondelle.\n<\/p>\n<p><!--more--><\/p>\n<p>\nDans une requ&ecirc;te de vingt pages dont l'agence Hirondelle a obtenu copie, Me Philippe Larochelle a &eacute;crit que &laquo; le Canada contribue depuis 2004 &agrave; la violation des droits fondamentaux d'Andr&eacute; Ntagerura &raquo;. L'avocat a donc demand&eacute; &agrave; la Cour f&eacute;d&eacute;rale d' &laquo; ordonner &agrave; la ministre de l'Immigration et de la citoyennet&eacute; d'accorder l'asile &agrave; Ntagerura &raquo;. <\/p>\n<p>Une porte-parole du minist&egrave;re canadien de la Justice a confirm&eacute; que le dossier avait &eacute;t&eacute; re&ccedil;u le 22 ao&ucirc;t 2008. &laquo; Une p&eacute;riode de 30 jours est pr&eacute;vue pour r&eacute;pondre &raquo;, a indiqu&eacute; cette source. <\/p>\n<p>Accus&eacute; de crimes contre l'humanit&eacute; et de g&eacute;nocide, Ntagerura avait &eacute;t&eacute; arr&eacute;t&eacute; au Cameroun en 1996, jug&eacute; en 2000 par le Tribunal p&eacute;nal international pour le Rwanda (TPIR) et d&eacute;finitivement acquitt&eacute; en 2004. Il vit depuis &agrave; Arusha, h&eacute;berg&eacute; et nourri par le TPIR, qui peine &agrave; lui trouver un pays d'asile comme pour les autres acquitt&eacute;s. <\/p>\n<p>Pour assurer la s&eacute;curit&eacute; de celui qui fut ministre des transports et des communications dans le gouvernement int&eacute;rimaire en place lors du g&eacute;nocide de 1994, le TPIR avait demand&eacute; en avril 2004 aux autorit&eacute;s canadiennes de lui accorder l'asile. &laquo; Le tribunal serait tr&egrave;s reconnaissant des actions qui pourraient &ecirc;tre prises par les autorit&eacute;s comp&eacute;tentes afin d'accorder &agrave; M. Ntagerura le statut d'asile au Canada &raquo;, avait &eacute;crit le greffier du TPIR au ministre canadien des affaires &eacute;trang&egrave;res d'alors, dans une lettre qu'a pu consulter l'agence Hirondelle. <\/p>\n<p>Le greffier soulignait par ailleurs que cette demande &eacute;tait faite conform&eacute;ment aux statuts du TPIR conf&eacute;r&eacute;s par le Conseil de s&eacute;curit&eacute; de l'ONU qui exhortent les &Eacute;tats membres &agrave; &laquo; suivre sans d&eacute;lai indu les ordres ou demandes d'assistance d&eacute;livr&eacute;s par une chambre du Tribunal &raquo;. &laquo; Cette requ&ecirc;te va &ecirc;tre &eacute;tudi&eacute;e sur une base urgente &raquo;, avait alors r&eacute;pondu le minist&egrave;re canadien des Affaires &eacute;trang&egrave;res. <\/p>\n<p>Or, malgr&eacute; d'autres courriers du TPIR, la demande est rest&eacute;e lettre morte. Selon Me Larochelle, Natgerura n'a obtenu une premi&egrave;re r&eacute;ponse du gouvernement canadien qu'en avril 2008. &laquo; Il s'est alors fait r&eacute;pondre qu'il aurait d&ucirc; adresser son dossier au Haut-Commissariat de Nairobi, comme n'importe quelle personne faisant une demande d'immigration &raquo;, a dit l'avocat &agrave; l'agence Hirondelle. <\/p>\n<p>En janvier 2008, le TPIR avait indiqu&eacute; avoir &eacute;tabli de nouveaux contacts avec d'autres pays d'accueil potentiels. Le minist&egrave;re canadien des Affaires &eacute;trang&egrave;res n'a pas donn&eacute; suite aux demandes d'entrevues de l'agence Hirondelle. <\/p>\n<p>CS\/GF <\/p>\n<p>&copy; Agence Hirondelle<\/p>\n","protected":false},"excerpt":{"rendered":"<p>Montr&eacute;al, 29 ao&ucirc;t 2008 (FH) - L'avocat d'Andr&eacute; Ntagerura a r&eacute;cemment d&eacute;pos&eacute; une requ&ecirc;te en Cour f&eacute;d&eacute;rale afin d'ordonner &agrave; la ministre canadienne de l'Immigration d'accorder l'asile &agrave; cet ancien homme politique rwandais, a appris l'agence Hirondelle.<\/p>\n","protected":false},"author":64,"featured_media":0,"comment_status":"open","ping_status":"closed","sticky":false,"template":"","format":"standard","meta":{"_acf_changed":false,"footnotes":""},"categories":[554],"tags":[],"ji_location":[],"class_list":["post-9680","post","type-post","status-publish","format-standard","hentry","category-hirondellenews"],"acf":[],"yoast_head":"<!-- This site is optimized with the Yoast SEO Premium plugin v25.3.1 (Yoast SEO v25.3.1) - https:\/\/yoast.com\/wordpress\/plugins\/seo\/ -->\n<title>29.08.08 - RWANDA\/CANADA - NTAGERURA POURSUIT LE CANADA POUR NE PAS AVOIR RECU L&#039;ASILE - JusticeInfo.net<\/title>\n<meta name=\"robots\" content=\"index, follow, max-snippet:-1, max-image-preview:large, max-video-preview:-1\" \/>\n<link rel=\"canonical\" href=\"https:\/\/www.justiceinfo.net\/fr\/9680-290808-rwandacanada-ntagerura-poursuit-le-canada-pour-ne-pas-avoir-recu-lasile6486.html\" \/>\n<meta property=\"og:locale\" content=\"fr_FR\" \/>\n<meta property=\"og:type\" content=\"article\" \/>\n<meta property=\"og:title\" content=\"29.08.08 - RWANDA\/CANADA - NTAGERURA POURSUIT LE CANADA POUR NE PAS AVOIR RECU L&#039;ASILE\" \/>\n<meta property=\"og:description\" content=\"Montr&eacute;al, 29 ao&ucirc;t 2008 (FH) - L&#039;avocat d&#039;Andr&eacute; Ntagerura a r&eacute;cemment d&eacute;pos&eacute; une requ&ecirc;te en Cour f&eacute;d&eacute;rale afin d&#039;ordonner &agrave; la ministre canadienne de l&#039;Immigration d&#039;accorder l&#039;asile &agrave; cet ancien homme politique rwandais, a appris l&#039;agence Hirondelle.\" \/>\n<meta property=\"og:url\" content=\"https:\/\/www.justiceinfo.net\/fr\/9680-290808-rwandacanada-ntagerura-poursuit-le-canada-pour-ne-pas-avoir-recu-lasile6486.html\" \/>\n<meta property=\"og:site_name\" content=\"JusticeInfo.net\" \/>\n<meta property=\"article:publisher\" content=\"https:\/\/www.facebook.com\/JusticeInfo\/\" \/>\n<meta property=\"article:published_time\" content=\"2008-08-28T22:00:00+00:00\" \/>\n<meta property=\"og:image\" content=\"https:\/\/www.justiceinfo.net\/wp-content\/uploads\/JusticeInfoNet_logo_1200x630px.jpg\" \/>\n\t<meta property=\"og:image:width\" content=\"1200\" \/>\n\t<meta property=\"og:image:height\" content=\"630\" \/>\n\t<meta property=\"og:image:type\" content=\"image\/jpeg\" \/>\n<meta name=\"author\" content=\"solivri\" \/>\n<meta name=\"twitter:card\" content=\"summary_large_image\" \/>\n<meta name=\"twitter:creator\" content=\"@justiceinfonet\" \/>\n<meta name=\"twitter:site\" content=\"@justiceinfonet\" \/>\n<meta name=\"twitter:label1\" content=\"\u00c9crit par\" \/>\n\t<meta name=\"twitter:data1\" content=\"solivri\" \/>\n\t<meta name=\"twitter:label2\" content=\"Dur\u00e9e de lecture estim\u00e9e\" \/>\n\t<meta name=\"twitter:data2\" content=\"3 minutes\" \/>\n<script type=\"application\/ld+json\" class=\"yoast-schema-graph\">{\"@context\":\"https:\/\/schema.org\",\"@graph\":[{\"@type\":\"NewsArticle\",\"@id\":\"https:\/\/www.justiceinfo.net\/fr\/9680-290808-rwandacanada-ntagerura-poursuit-le-canada-pour-ne-pas-avoir-recu-lasile6486.html#article\",\"isPartOf\":{\"@id\":\"https:\/\/www.justiceinfo.net\/fr\/9680-290808-rwandacanada-ntagerura-poursuit-le-canada-pour-ne-pas-avoir-recu-lasile6486.html\"},\"author\":{\"name\":\"solivri\",\"@id\":\"https:\/\/www.justiceinfo.net\/fr#\/schema\/person\/6e53cba1629e2e66f3fc1821d3091865\"},\"headline\":\"29.08.08 - RWANDA\/CANADA - NTAGERURA POURSUIT LE CANADA POUR NE PAS AVOIR RECU L'ASILE\",\"datePublished\":\"2008-08-28T22:00:00+00:00\",\"mainEntityOfPage\":{\"@id\":\"https:\/\/www.justiceinfo.net\/fr\/9680-290808-rwandacanada-ntagerura-poursuit-le-canada-pour-ne-pas-avoir-recu-lasile6486.html\"},\"wordCount\":606,\"commentCount\":0,\"publisher\":{\"@id\":\"https:\/\/www.justiceinfo.net\/fr#organization\"},\"articleSection\":[\"Hirondelle News\"],\"inLanguage\":\"fr-FR\",\"potentialAction\":[{\"@type\":\"CommentAction\",\"name\":\"Comment\",\"target\":[\"https:\/\/www.justiceinfo.net\/fr\/9680-290808-rwandacanada-ntagerura-poursuit-le-canada-pour-ne-pas-avoir-recu-lasile6486.html#respond\"]}]},{\"@type\":\"WebPage\",\"@id\":\"https:\/\/www.justiceinfo.net\/fr\/9680-290808-rwandacanada-ntagerura-poursuit-le-canada-pour-ne-pas-avoir-recu-lasile6486.html\",\"url\":\"https:\/\/www.justiceinfo.net\/fr\/9680-290808-rwandacanada-ntagerura-poursuit-le-canada-pour-ne-pas-avoir-recu-lasile6486.html\",\"name\":\"29.08.08 - RWANDA\/CANADA - NTAGERURA POURSUIT LE CANADA POUR NE PAS AVOIR RECU L'ASILE - JusticeInfo.net\",\"isPartOf\":{\"@id\":\"https:\/\/www.justiceinfo.net\/fr#website\"},\"datePublished\":\"2008-08-28T22:00:00+00:00\",\"breadcrumb\":{\"@id\":\"https:\/\/www.justiceinfo.net\/fr\/9680-290808-rwandacanada-ntagerura-poursuit-le-canada-pour-ne-pas-avoir-recu-lasile6486.html#breadcrumb\"},\"inLanguage\":\"fr-FR\",\"potentialAction\":[{\"@type\":\"ReadAction\",\"target\":[\"https:\/\/www.justiceinfo.net\/fr\/9680-290808-rwandacanada-ntagerura-poursuit-le-canada-pour-ne-pas-avoir-recu-lasile6486.html\"]}]},{\"@type\":\"BreadcrumbList\",\"@id\":\"https:\/\/www.justiceinfo.net\/fr\/9680-290808-rwandacanada-ntagerura-poursuit-le-canada-pour-ne-pas-avoir-recu-lasile6486.html#breadcrumb\",\"itemListElement\":[{\"@type\":\"ListItem\",\"position\":1,\"name\":\"Home\",\"item\":\"https:\/\/www.justiceinfo.net\/fr\"},{\"@type\":\"ListItem\",\"position\":2,\"name\":\"29.08.08 - RWANDA\/CANADA - NTAGERURA POURSUIT LE CANADA POUR NE PAS AVOIR RECU L'ASILE\"}]},{\"@type\":\"WebSite\",\"@id\":\"https:\/\/www.justiceinfo.net\/fr#website\",\"url\":\"https:\/\/www.justiceinfo.net\/fr\",\"name\":\"JusticeInfo.net\",\"description\":\"La justice doit \u00eatre vue pour \u00eatre rendue\",\"publisher\":{\"@id\":\"https:\/\/www.justiceinfo.net\/fr#organization\"},\"potentialAction\":[{\"@type\":\"SearchAction\",\"target\":{\"@type\":\"EntryPoint\",\"urlTemplate\":\"https:\/\/www.justiceinfo.net\/fr?s={search_term_string}\"},\"query-input\":{\"@type\":\"PropertyValueSpecification\",\"valueRequired\":true,\"valueName\":\"search_term_string\"}}],\"inLanguage\":\"fr-FR\"},{\"@type\":\"Organization\",\"@id\":\"https:\/\/www.justiceinfo.net\/fr#organization\",\"name\":\"Justice Info\",\"url\":\"https:\/\/www.justiceinfo.net\/fr\",\"logo\":{\"@type\":\"ImageObject\",\"inLanguage\":\"fr-FR\",\"@id\":\"https:\/\/www.justiceinfo.net\/fr#\/schema\/logo\/image\/\",\"url\":\"https:\/\/www.justiceinfo.net\/wp-content\/uploads\/justiceinfo_logo-trans_1200x1200px.png\",\"contentUrl\":\"https:\/\/www.justiceinfo.net\/wp-content\/uploads\/justiceinfo_logo-trans_1200x1200px.png\",\"width\":1199,\"height\":1200,\"caption\":\"Justice Info\"},\"image\":{\"@id\":\"https:\/\/www.justiceinfo.net\/fr#\/schema\/logo\/image\/\"},\"sameAs\":[\"https:\/\/www.facebook.com\/JusticeInfo\/\",\"https:\/\/x.com\/justiceinfonet\",\"https:\/\/www.linkedin.com\/company\/justice-info\",\"https:\/\/www.youtube.com\/channel\/UCyCEsARodyuWtkWyhn-e7pA\"]},{\"@type\":\"Person\",\"name\":\"solivri\",\"url\":\"\/fr\/?s=solivri\"}]}<\/script>\n<!-- \/ Yoast SEO Premium plugin. -->","yoast_head_json":{"title":"29.08.08 - RWANDA\/CANADA - NTAGERURA POURSUIT LE CANADA POUR NE PAS AVOIR RECU L'ASILE - JusticeInfo.net","robots":{"index":"index","follow":"follow","max-snippet":"max-snippet:-1","max-image-preview":"max-image-preview:large","max-video-preview":"max-video-preview:-1"},"canonical":"https:\/\/www.justiceinfo.net\/fr\/9680-290808-rwandacanada-ntagerura-poursuit-le-canada-pour-ne-pas-avoir-recu-lasile6486.html","og_locale":"fr_FR","og_type":"article","og_title":"29.08.08 - RWANDA\/CANADA - NTAGERURA POURSUIT LE CANADA POUR NE PAS AVOIR RECU L'ASILE","og_description":"Montr&eacute;al, 29 ao&ucirc;t 2008 (FH) - L'avocat d'Andr&eacute; Ntagerura a r&eacute;cemment d&eacute;pos&eacute; une requ&ecirc;te en Cour f&eacute;d&eacute;rale afin d'ordonner &agrave; la ministre canadienne de l'Immigration d'accorder l'asile &agrave; cet ancien homme politique rwandais, a appris l'agence Hirondelle.","og_url":"https:\/\/www.justiceinfo.net\/fr\/9680-290808-rwandacanada-ntagerura-poursuit-le-canada-pour-ne-pas-avoir-recu-lasile6486.html","og_site_name":"JusticeInfo.net","article_publisher":"https:\/\/www.facebook.com\/JusticeInfo\/","article_published_time":"2008-08-28T22:00:00+00:00","og_image":[{"width":1200,"height":630,"url":"https:\/\/www.justiceinfo.net\/wp-content\/uploads\/JusticeInfoNet_logo_1200x630px.jpg","type":"image\/jpeg"}],"author":"solivri","twitter_card":"summary_large_image","twitter_creator":"@justiceinfonet","twitter_site":"@justiceinfonet","twitter_misc":{"\u00c9crit par":"solivri","Dur\u00e9e de lecture estim\u00e9e":"3 minutes"},"schema":{"@context":"https:\/\/schema.org","@graph":[{"@type":"NewsArticle","@id":"https:\/\/www.justiceinfo.net\/fr\/9680-290808-rwandacanada-ntagerura-poursuit-le-canada-pour-ne-pas-avoir-recu-lasile6486.html#article","isPartOf":{"@id":"https:\/\/www.justiceinfo.net\/fr\/9680-290808-rwandacanada-ntagerura-poursuit-le-canada-pour-ne-pas-avoir-recu-lasile6486.html"},"author":{"name":"solivri","@id":"https:\/\/www.justiceinfo.net\/fr#\/schema\/person\/6e53cba1629e2e66f3fc1821d3091865"},"headline":"29.08.08 - RWANDA\/CANADA - NTAGERURA POURSUIT LE CANADA POUR NE PAS AVOIR RECU L'ASILE","datePublished":"2008-08-28T22:00:00+00:00","mainEntityOfPage":{"@id":"https:\/\/www.justiceinfo.net\/fr\/9680-290808-rwandacanada-ntagerura-poursuit-le-canada-pour-ne-pas-avoir-recu-lasile6486.html"},"wordCount":606,"commentCount":0,"publisher":{"@id":"https:\/\/www.justiceinfo.net\/fr#organization"},"articleSection":["Hirondelle News"],"inLanguage":"fr-FR","potentialAction":[{"@type":"CommentAction","name":"Comment","target":["https:\/\/www.justiceinfo.net\/fr\/9680-290808-rwandacanada-ntagerura-poursuit-le-canada-pour-ne-pas-avoir-recu-lasile6486.html#respond"]}]},{"@type":"WebPage","@id":"https:\/\/www.justiceinfo.net\/fr\/9680-290808-rwandacanada-ntagerura-poursuit-le-canada-pour-ne-pas-avoir-recu-lasile6486.html","url":"https:\/\/www.justiceinfo.net\/fr\/9680-290808-rwandacanada-ntagerura-poursuit-le-canada-pour-ne-pas-avoir-recu-lasile6486.html","name":"29.08.08 - RWANDA\/CANADA - NTAGERURA POURSUIT LE CANADA POUR NE PAS AVOIR RECU L'ASILE - JusticeInfo.net","isPartOf":{"@id":"https:\/\/www.justiceinfo.net\/fr#website"},"datePublished":"2008-08-28T22:00:00+00:00","breadcrumb":{"@id":"https:\/\/www.justiceinfo.net\/fr\/9680-290808-rwandacanada-ntagerura-poursuit-le-canada-pour-ne-pas-avoir-recu-lasile6486.html#breadcrumb"},"inLanguage":"fr-FR","potentialAction":[{"@type":"ReadAction","target":["https:\/\/www.justiceinfo.net\/fr\/9680-290808-rwandacanada-ntagerura-poursuit-le-canada-pour-ne-pas-avoir-recu-lasile6486.html"]}]},{"@type":"BreadcrumbList","@id":"https:\/\/www.justiceinfo.net\/fr\/9680-290808-rwandacanada-ntagerura-poursuit-le-canada-pour-ne-pas-avoir-recu-lasile6486.html#breadcrumb","itemListElement":[{"@type":"ListItem","position":1,"name":"Home","item":"https:\/\/www.justiceinfo.net\/fr"},{"@type":"ListItem","position":2,"name":"29.08.08 - RWANDA\/CANADA - NTAGERURA POURSUIT LE CANADA POUR NE PAS AVOIR RECU L'ASILE"}]},{"@type":"WebSite","@id":"https:\/\/www.justiceinfo.net\/fr#website","url":"https:\/\/www.justiceinfo.net\/fr","name":"JusticeInfo.net","description":"La justice doit \u00eatre vue pour \u00eatre rendue","publisher":{"@id":"https:\/\/www.justiceinfo.net\/fr#organization"},"potentialAction":[{"@type":"SearchAction","target":{"@type":"EntryPoint","urlTemplate":"https:\/\/www.justiceinfo.net\/fr?s={search_term_string}"},"query-input":{"@type":"PropertyValueSpecification","valueRequired":true,"valueName":"search_term_string"}}],"inLanguage":"fr-FR"},{"@type":"Organization","@id":"https:\/\/www.justiceinfo.net\/fr#organization","name":"Justice Info","url":"https:\/\/www.justiceinfo.net\/fr","logo":{"@type":"ImageObject","inLanguage":"fr-FR","@id":"https:\/\/www.justiceinfo.net\/fr#\/schema\/logo\/image\/","url":"https:\/\/www.justiceinfo.net\/wp-content\/uploads\/justiceinfo_logo-trans_1200x1200px.png","contentUrl":"https:\/\/www.justiceinfo.net\/wp-content\/uploads\/justiceinfo_logo-trans_1200x1200px.png","width":1199,"height":1200,"caption":"Justice Info"},"image":{"@id":"https:\/\/www.justiceinfo.net\/fr#\/schema\/logo\/image\/"},"sameAs":["https:\/\/www.facebook.com\/JusticeInfo\/","https:\/\/x.com\/justiceinfonet","https:\/\/www.linkedin.com\/company\/justice-info","https:\/\/www.youtube.com\/channel\/UCyCEsARodyuWtkWyhn-e7pA"]},{"@type":"Person","name":"solivri","url":"\/fr\/?s=solivri"}]}},"_links":{"self":[{"href":"https:\/\/www.justiceinfo.net\/fr\/wp-json\/wp\/v2\/posts\/9680","targetHints":{"allow":["GET"]}}],"collection":[{"href":"https:\/\/www.justiceinfo.net\/fr\/wp-json\/wp\/v2\/posts"}],"about":[{"href":"https:\/\/www.justiceinfo.net\/fr\/wp-json\/wp\/v2\/types\/post"}],"author":[{"embeddable":true,"href":"https:\/\/www.justiceinfo.net\/fr\/wp-json\/wp\/v2\/users\/64"}],"replies":[{"embeddable":true,"href":"https:\/\/www.justiceinfo.net\/fr\/wp-json\/wp\/v2\/comments?post=9680"}],"version-history":[{"count":0,"href":"https:\/\/www.justiceinfo.net\/fr\/wp-json\/wp\/v2\/posts\/9680\/revisions"}],"wp:attachment":[{"href":"https:\/\/www.justiceinfo.net\/fr\/wp-json\/wp\/v2\/media?parent=9680"}],"wp:term":[{"taxonomy":"category","embeddable":true,"href":"https:\/\/www.justiceinfo.net\/fr\/wp-json\/wp\/v2\/categories?post=9680"},{"taxonomy":"post_tag","embeddable":true,"href":"https:\/\/www.justiceinfo.net\/fr\/wp-json\/wp\/v2\/tags?post=9680"},{"taxonomy":"ji_location","embeddable":true,"href":"https:\/\/www.justiceinfo.net\/fr\/wp-json\/wp\/v2\/ji_location?post=9680"}],"curies":[{"name":"wp","href":"https:\/\/api.w.org\/{rel}","templated":true}]}}