{"id":9686,"date":"2008-09-02T00:00:00","date_gmt":"2008-09-01T22:00:00","guid":{"rendered":"https:\/\/www.justiceinfo.net\/9686-020908-tpirrwanda-kigali-denonce-lincoherence-du-tpir-a-propos-de-muvunyi6492.html"},"modified":"2008-09-02T00:00:00","modified_gmt":"2008-09-01T22:00:00","slug":"020908-tpirrwanda-kigali-denonce-lincoherence-du-tpir-a-propos-de-muvunyi6492","status":"publish","type":"post","link":"https:\/\/www.justiceinfo.net\/fr\/9686-020908-tpirrwanda-kigali-denonce-lincoherence-du-tpir-a-propos-de-muvunyi6492.html","title":{"rendered":"02.09.08 - TPIR\/RWANDA - KIGALI DENONCE L'INCOHERENCE DU TPIR A PROPOS DE MUVUNYI"},"content":{"rendered":"<p>Arusha, 2 septembre 2008 (FH) - Le repr&eacute;sentant sp&eacute;cial du gouvernement rwandais aupr&egrave;s du Tribunal p&eacute;nal international pour le Rwanda (TPIR), M. Aloys Mutabingwa, a vivement critiqu&eacute; mardi l'arr&ecirc;t rendu vendredi dernier, dans le proc&egrave;s du lieutenant-colonel Tharcisse Muvunyi, accusant la chambre d'appel de manquer de coh&eacute;rence dans ses d&eacute;cisions.<br \/>\n<!--more--><\/p>\n<p>\n&laquo; Il y a une incapacit&eacute; manifeste de la chambre d'appel &agrave; rester consistante dans ses d&eacute;cisions, particuli&egrave;rement, une incapacit&eacute; &agrave; maintenir la coh&eacute;rence avec les d&eacute;cisions ant&eacute;rieures du tribunal &raquo;, a affirm&eacute; le diplomate rwandais dans une interview avec l'agence Hirondelle.\n<\/p>\n<p>\nEn annulant les condamnations prononc&eacute;es en premi&egrave;re instance, l'arr&ecirc;t invoque, dans une large mesure, des vices dans l'acte d'accusation. Or, rappelle le repr&eacute;sentant du Rwanda, les juges de premi&egrave;re instance puis la chambre d'appel qui s'appuie sur ces vices, avaient rejet&eacute; une requ&ecirc;te en amendement de l'acte d'accusation formul&eacute;e par le procureur en 2005.\n<\/p>\n<p>\nPar ailleurs, Mutabingwa a fait grief &agrave; la chambre d'appel de n'avoir pas pu, dans cette affaire, &laquo; d&eacute;finir les &eacute;l&eacute;ments constitutifs de la responsabilit&eacute; de sup&eacute;rieur hi&eacute;rarchique&raquo;.\n<\/p>\n<p>\nLa plupart des charges retenues contre Muvunyi par la chambre de premi&egrave;re instance se rapportaient &agrave; des crimes perp&eacute;tr&eacute;s &agrave; Butare (sud) pendant le g&eacute;nocide de 1994 par des soldats de l'Ecole des sous-officiers (ESO) dont l'officier assurait le commandement, selon le procureur.\n<\/p>\n<p>\nLe repr&eacute;sentant du Rwanda a par ailleurs critiqu&eacute; la conclusion de la chambre d'appel ordonnant un nouveau proc&egrave;s, sur la base du discours prononc&eacute; par Muvunyi au centre de n&eacute;goce de Gikore, dans la r&eacute;gion de Butare. &laquo; La chambre d'appel a un acc&egrave;s illimit&eacute; aux archives du tribunal &agrave; partir desquelles elle aurait pu examiner l'incident de Gikore et, ainsi, tirer sa propre conclusion au lieu d'ordonner vaguement un nouveau proc&egrave;s &raquo;, a r&eacute;agi Mutabingwa pour qui cette d&eacute;cision &laquo; s&egrave;me la confusion &raquo;.\n<\/p>\n<p>\nLa chambre de premi&egrave;re instance va-t-elle &laquo; faire une nouvelle r&eacute;daction plus motiv&eacute;e de son opinion sur l'incident de Gikore ou rappeler les m&ecirc;mes t&eacute;moins et les parties pour entendre les m&ecirc;mes d&eacute;clarations et les m&ecirc;mes arguments ? &raquo;, s'interroge-t-il. &laquo; Ou alors de nouveaux &eacute;l&eacute;ments de preuve seront-ils autoris&eacute;s dans ces circonstances ?&raquo;, se demande encore le juriste rwandais. &laquo; Davantage de temps et de ressources seront n&eacute;cessaires pour rejuger les faits de Gikore &raquo;, ajoute le diplomate estimant que la chambre d'appel ne se conforme pas aux r&eacute;solutions du Conseil de s&eacute;curit&eacute; demandant d'acc&eacute;l&eacute;rer les travaux du tribunal. <\/p>\n<p>ER\/PB\/GF <\/p>\n<p>&copy; Agence Hirondelle<\/p>\n","protected":false},"excerpt":{"rendered":"<p>Arusha, 2 septembre 2008 (FH) - Le repr&eacute;sentant sp&eacute;cial du gouvernement rwandais aupr&egrave;s du Tribunal p&eacute;nal international pour le Rwanda (TPIR), M. Aloys Mutabingwa, a vivement critiqu&eacute; mardi l'arr&ecirc;t rendu vendredi dernier, dans le proc&egrave;s du lieutenant-colonel Tharcisse Muvunyi, accusant la chambre d'appel de manquer de coh&eacute;rence dans ses d&eacute;cisions.<\/p>\n","protected":false},"author":64,"featured_media":0,"comment_status":"open","ping_status":"closed","sticky":false,"template":"","format":"standard","meta":{"_acf_changed":false,"footnotes":""},"categories":[554],"tags":[],"ji_location":[],"class_list":["post-9686","post","type-post","status-publish","format-standard","hentry","category-hirondellenews"],"acf":[],"yoast_head":"<!-- This site is optimized with the Yoast SEO Premium plugin v25.3.1 (Yoast SEO v25.3.1) - https:\/\/yoast.com\/wordpress\/plugins\/seo\/ -->\n<title>02.09.08 - TPIR\/RWANDA - KIGALI DENONCE L&#039;INCOHERENCE DU TPIR A PROPOS DE MUVUNYI - JusticeInfo.net<\/title>\n<meta name=\"robots\" content=\"index, follow, max-snippet:-1, max-image-preview:large, max-video-preview:-1\" \/>\n<link rel=\"canonical\" href=\"https:\/\/www.justiceinfo.net\/fr\/9686-020908-tpirrwanda-kigali-denonce-lincoherence-du-tpir-a-propos-de-muvunyi6492.html\" \/>\n<meta property=\"og:locale\" content=\"fr_FR\" \/>\n<meta property=\"og:type\" content=\"article\" \/>\n<meta property=\"og:title\" content=\"02.09.08 - TPIR\/RWANDA - KIGALI DENONCE L&#039;INCOHERENCE DU TPIR A PROPOS DE MUVUNYI\" \/>\n<meta property=\"og:description\" content=\"Arusha, 2 septembre 2008 (FH) - Le repr&eacute;sentant sp&eacute;cial du gouvernement rwandais aupr&egrave;s du Tribunal p&eacute;nal international pour le Rwanda (TPIR), M. Aloys Mutabingwa, a vivement critiqu&eacute; mardi l&#039;arr&ecirc;t rendu vendredi dernier, dans le proc&egrave;s du lieutenant-colonel Tharcisse Muvunyi, accusant la chambre d&#039;appel de manquer de coh&eacute;rence dans ses d&eacute;cisions.\" \/>\n<meta property=\"og:url\" content=\"https:\/\/www.justiceinfo.net\/fr\/9686-020908-tpirrwanda-kigali-denonce-lincoherence-du-tpir-a-propos-de-muvunyi6492.html\" \/>\n<meta property=\"og:site_name\" content=\"JusticeInfo.net\" \/>\n<meta property=\"article:publisher\" content=\"https:\/\/www.facebook.com\/JusticeInfo\/\" \/>\n<meta property=\"article:published_time\" content=\"2008-09-01T22:00:00+00:00\" \/>\n<meta property=\"og:image\" content=\"https:\/\/www.justiceinfo.net\/wp-content\/uploads\/JusticeInfoNet_logo_1200x630px.jpg\" \/>\n\t<meta property=\"og:image:width\" content=\"1200\" \/>\n\t<meta property=\"og:image:height\" content=\"630\" \/>\n\t<meta property=\"og:image:type\" content=\"image\/jpeg\" \/>\n<meta name=\"author\" content=\"solivri\" \/>\n<meta name=\"twitter:card\" content=\"summary_large_image\" \/>\n<meta name=\"twitter:creator\" content=\"@justiceinfonet\" \/>\n<meta name=\"twitter:site\" content=\"@justiceinfonet\" \/>\n<meta name=\"twitter:label1\" content=\"\u00c9crit par\" \/>\n\t<meta name=\"twitter:data1\" content=\"solivri\" \/>\n\t<meta name=\"twitter:label2\" content=\"Dur\u00e9e de lecture estim\u00e9e\" \/>\n\t<meta name=\"twitter:data2\" content=\"3 minutes\" \/>\n<script type=\"application\/ld+json\" class=\"yoast-schema-graph\">{\"@context\":\"https:\/\/schema.org\",\"@graph\":[{\"@type\":\"NewsArticle\",\"@id\":\"https:\/\/www.justiceinfo.net\/fr\/9686-020908-tpirrwanda-kigali-denonce-lincoherence-du-tpir-a-propos-de-muvunyi6492.html#article\",\"isPartOf\":{\"@id\":\"https:\/\/www.justiceinfo.net\/fr\/9686-020908-tpirrwanda-kigali-denonce-lincoherence-du-tpir-a-propos-de-muvunyi6492.html\"},\"author\":{\"name\":\"solivri\",\"@id\":\"https:\/\/www.justiceinfo.net\/fr#\/schema\/person\/6e53cba1629e2e66f3fc1821d3091865\"},\"headline\":\"02.09.08 - TPIR\/RWANDA - KIGALI DENONCE L'INCOHERENCE DU TPIR A PROPOS DE MUVUNYI\",\"datePublished\":\"2008-09-01T22:00:00+00:00\",\"mainEntityOfPage\":{\"@id\":\"https:\/\/www.justiceinfo.net\/fr\/9686-020908-tpirrwanda-kigali-denonce-lincoherence-du-tpir-a-propos-de-muvunyi6492.html\"},\"wordCount\":557,\"commentCount\":0,\"publisher\":{\"@id\":\"https:\/\/www.justiceinfo.net\/fr#organization\"},\"articleSection\":[\"Hirondelle News\"],\"inLanguage\":\"fr-FR\",\"potentialAction\":[{\"@type\":\"CommentAction\",\"name\":\"Comment\",\"target\":[\"https:\/\/www.justiceinfo.net\/fr\/9686-020908-tpirrwanda-kigali-denonce-lincoherence-du-tpir-a-propos-de-muvunyi6492.html#respond\"]}]},{\"@type\":\"WebPage\",\"@id\":\"https:\/\/www.justiceinfo.net\/fr\/9686-020908-tpirrwanda-kigali-denonce-lincoherence-du-tpir-a-propos-de-muvunyi6492.html\",\"url\":\"https:\/\/www.justiceinfo.net\/fr\/9686-020908-tpirrwanda-kigali-denonce-lincoherence-du-tpir-a-propos-de-muvunyi6492.html\",\"name\":\"02.09.08 - TPIR\/RWANDA - KIGALI DENONCE L'INCOHERENCE DU TPIR A PROPOS DE MUVUNYI - JusticeInfo.net\",\"isPartOf\":{\"@id\":\"https:\/\/www.justiceinfo.net\/fr#website\"},\"datePublished\":\"2008-09-01T22:00:00+00:00\",\"breadcrumb\":{\"@id\":\"https:\/\/www.justiceinfo.net\/fr\/9686-020908-tpirrwanda-kigali-denonce-lincoherence-du-tpir-a-propos-de-muvunyi6492.html#breadcrumb\"},\"inLanguage\":\"fr-FR\",\"potentialAction\":[{\"@type\":\"ReadAction\",\"target\":[\"https:\/\/www.justiceinfo.net\/fr\/9686-020908-tpirrwanda-kigali-denonce-lincoherence-du-tpir-a-propos-de-muvunyi6492.html\"]}]},{\"@type\":\"BreadcrumbList\",\"@id\":\"https:\/\/www.justiceinfo.net\/fr\/9686-020908-tpirrwanda-kigali-denonce-lincoherence-du-tpir-a-propos-de-muvunyi6492.html#breadcrumb\",\"itemListElement\":[{\"@type\":\"ListItem\",\"position\":1,\"name\":\"Home\",\"item\":\"https:\/\/www.justiceinfo.net\/fr\"},{\"@type\":\"ListItem\",\"position\":2,\"name\":\"02.09.08 - TPIR\/RWANDA - KIGALI DENONCE L'INCOHERENCE DU TPIR A PROPOS DE MUVUNYI\"}]},{\"@type\":\"WebSite\",\"@id\":\"https:\/\/www.justiceinfo.net\/fr#website\",\"url\":\"https:\/\/www.justiceinfo.net\/fr\",\"name\":\"JusticeInfo.net\",\"description\":\"La justice doit \u00eatre vue pour \u00eatre rendue\",\"publisher\":{\"@id\":\"https:\/\/www.justiceinfo.net\/fr#organization\"},\"potentialAction\":[{\"@type\":\"SearchAction\",\"target\":{\"@type\":\"EntryPoint\",\"urlTemplate\":\"https:\/\/www.justiceinfo.net\/fr?s={search_term_string}\"},\"query-input\":{\"@type\":\"PropertyValueSpecification\",\"valueRequired\":true,\"valueName\":\"search_term_string\"}}],\"inLanguage\":\"fr-FR\"},{\"@type\":\"Organization\",\"@id\":\"https:\/\/www.justiceinfo.net\/fr#organization\",\"name\":\"Justice Info\",\"url\":\"https:\/\/www.justiceinfo.net\/fr\",\"logo\":{\"@type\":\"ImageObject\",\"inLanguage\":\"fr-FR\",\"@id\":\"https:\/\/www.justiceinfo.net\/fr#\/schema\/logo\/image\/\",\"url\":\"https:\/\/www.justiceinfo.net\/wp-content\/uploads\/justiceinfo_logo-trans_1200x1200px.png\",\"contentUrl\":\"https:\/\/www.justiceinfo.net\/wp-content\/uploads\/justiceinfo_logo-trans_1200x1200px.png\",\"width\":1199,\"height\":1200,\"caption\":\"Justice Info\"},\"image\":{\"@id\":\"https:\/\/www.justiceinfo.net\/fr#\/schema\/logo\/image\/\"},\"sameAs\":[\"https:\/\/www.facebook.com\/JusticeInfo\/\",\"https:\/\/x.com\/justiceinfonet\",\"https:\/\/www.linkedin.com\/company\/justice-info\",\"https:\/\/www.youtube.com\/channel\/UCyCEsARodyuWtkWyhn-e7pA\"]},{\"@type\":\"Person\",\"name\":\"solivri\",\"url\":\"\/fr\/?s=solivri\"}]}<\/script>\n<!-- \/ Yoast SEO Premium plugin. -->","yoast_head_json":{"title":"02.09.08 - TPIR\/RWANDA - KIGALI DENONCE L'INCOHERENCE DU TPIR A PROPOS DE MUVUNYI - JusticeInfo.net","robots":{"index":"index","follow":"follow","max-snippet":"max-snippet:-1","max-image-preview":"max-image-preview:large","max-video-preview":"max-video-preview:-1"},"canonical":"https:\/\/www.justiceinfo.net\/fr\/9686-020908-tpirrwanda-kigali-denonce-lincoherence-du-tpir-a-propos-de-muvunyi6492.html","og_locale":"fr_FR","og_type":"article","og_title":"02.09.08 - TPIR\/RWANDA - KIGALI DENONCE L'INCOHERENCE DU TPIR A PROPOS DE MUVUNYI","og_description":"Arusha, 2 septembre 2008 (FH) - Le repr&eacute;sentant sp&eacute;cial du gouvernement rwandais aupr&egrave;s du Tribunal p&eacute;nal international pour le Rwanda (TPIR), M. Aloys Mutabingwa, a vivement critiqu&eacute; mardi l'arr&ecirc;t rendu vendredi dernier, dans le proc&egrave;s du lieutenant-colonel Tharcisse Muvunyi, accusant la chambre d'appel de manquer de coh&eacute;rence dans ses d&eacute;cisions.","og_url":"https:\/\/www.justiceinfo.net\/fr\/9686-020908-tpirrwanda-kigali-denonce-lincoherence-du-tpir-a-propos-de-muvunyi6492.html","og_site_name":"JusticeInfo.net","article_publisher":"https:\/\/www.facebook.com\/JusticeInfo\/","article_published_time":"2008-09-01T22:00:00+00:00","og_image":[{"width":1200,"height":630,"url":"https:\/\/www.justiceinfo.net\/wp-content\/uploads\/JusticeInfoNet_logo_1200x630px.jpg","type":"image\/jpeg"}],"author":"solivri","twitter_card":"summary_large_image","twitter_creator":"@justiceinfonet","twitter_site":"@justiceinfonet","twitter_misc":{"\u00c9crit par":"solivri","Dur\u00e9e de lecture estim\u00e9e":"3 minutes"},"schema":{"@context":"https:\/\/schema.org","@graph":[{"@type":"NewsArticle","@id":"https:\/\/www.justiceinfo.net\/fr\/9686-020908-tpirrwanda-kigali-denonce-lincoherence-du-tpir-a-propos-de-muvunyi6492.html#article","isPartOf":{"@id":"https:\/\/www.justiceinfo.net\/fr\/9686-020908-tpirrwanda-kigali-denonce-lincoherence-du-tpir-a-propos-de-muvunyi6492.html"},"author":{"name":"solivri","@id":"https:\/\/www.justiceinfo.net\/fr#\/schema\/person\/6e53cba1629e2e66f3fc1821d3091865"},"headline":"02.09.08 - TPIR\/RWANDA - KIGALI DENONCE L'INCOHERENCE DU TPIR A PROPOS DE MUVUNYI","datePublished":"2008-09-01T22:00:00+00:00","mainEntityOfPage":{"@id":"https:\/\/www.justiceinfo.net\/fr\/9686-020908-tpirrwanda-kigali-denonce-lincoherence-du-tpir-a-propos-de-muvunyi6492.html"},"wordCount":557,"commentCount":0,"publisher":{"@id":"https:\/\/www.justiceinfo.net\/fr#organization"},"articleSection":["Hirondelle News"],"inLanguage":"fr-FR","potentialAction":[{"@type":"CommentAction","name":"Comment","target":["https:\/\/www.justiceinfo.net\/fr\/9686-020908-tpirrwanda-kigali-denonce-lincoherence-du-tpir-a-propos-de-muvunyi6492.html#respond"]}]},{"@type":"WebPage","@id":"https:\/\/www.justiceinfo.net\/fr\/9686-020908-tpirrwanda-kigali-denonce-lincoherence-du-tpir-a-propos-de-muvunyi6492.html","url":"https:\/\/www.justiceinfo.net\/fr\/9686-020908-tpirrwanda-kigali-denonce-lincoherence-du-tpir-a-propos-de-muvunyi6492.html","name":"02.09.08 - TPIR\/RWANDA - KIGALI DENONCE L'INCOHERENCE DU TPIR A PROPOS DE MUVUNYI - JusticeInfo.net","isPartOf":{"@id":"https:\/\/www.justiceinfo.net\/fr#website"},"datePublished":"2008-09-01T22:00:00+00:00","breadcrumb":{"@id":"https:\/\/www.justiceinfo.net\/fr\/9686-020908-tpirrwanda-kigali-denonce-lincoherence-du-tpir-a-propos-de-muvunyi6492.html#breadcrumb"},"inLanguage":"fr-FR","potentialAction":[{"@type":"ReadAction","target":["https:\/\/www.justiceinfo.net\/fr\/9686-020908-tpirrwanda-kigali-denonce-lincoherence-du-tpir-a-propos-de-muvunyi6492.html"]}]},{"@type":"BreadcrumbList","@id":"https:\/\/www.justiceinfo.net\/fr\/9686-020908-tpirrwanda-kigali-denonce-lincoherence-du-tpir-a-propos-de-muvunyi6492.html#breadcrumb","itemListElement":[{"@type":"ListItem","position":1,"name":"Home","item":"https:\/\/www.justiceinfo.net\/fr"},{"@type":"ListItem","position":2,"name":"02.09.08 - TPIR\/RWANDA - KIGALI DENONCE L'INCOHERENCE DU TPIR A PROPOS DE MUVUNYI"}]},{"@type":"WebSite","@id":"https:\/\/www.justiceinfo.net\/fr#website","url":"https:\/\/www.justiceinfo.net\/fr","name":"JusticeInfo.net","description":"La justice doit \u00eatre vue pour \u00eatre rendue","publisher":{"@id":"https:\/\/www.justiceinfo.net\/fr#organization"},"potentialAction":[{"@type":"SearchAction","target":{"@type":"EntryPoint","urlTemplate":"https:\/\/www.justiceinfo.net\/fr?s={search_term_string}"},"query-input":{"@type":"PropertyValueSpecification","valueRequired":true,"valueName":"search_term_string"}}],"inLanguage":"fr-FR"},{"@type":"Organization","@id":"https:\/\/www.justiceinfo.net\/fr#organization","name":"Justice Info","url":"https:\/\/www.justiceinfo.net\/fr","logo":{"@type":"ImageObject","inLanguage":"fr-FR","@id":"https:\/\/www.justiceinfo.net\/fr#\/schema\/logo\/image\/","url":"https:\/\/www.justiceinfo.net\/wp-content\/uploads\/justiceinfo_logo-trans_1200x1200px.png","contentUrl":"https:\/\/www.justiceinfo.net\/wp-content\/uploads\/justiceinfo_logo-trans_1200x1200px.png","width":1199,"height":1200,"caption":"Justice Info"},"image":{"@id":"https:\/\/www.justiceinfo.net\/fr#\/schema\/logo\/image\/"},"sameAs":["https:\/\/www.facebook.com\/JusticeInfo\/","https:\/\/x.com\/justiceinfonet","https:\/\/www.linkedin.com\/company\/justice-info","https:\/\/www.youtube.com\/channel\/UCyCEsARodyuWtkWyhn-e7pA"]},{"@type":"Person","name":"solivri","url":"\/fr\/?s=solivri"}]}},"_links":{"self":[{"href":"https:\/\/www.justiceinfo.net\/fr\/wp-json\/wp\/v2\/posts\/9686","targetHints":{"allow":["GET"]}}],"collection":[{"href":"https:\/\/www.justiceinfo.net\/fr\/wp-json\/wp\/v2\/posts"}],"about":[{"href":"https:\/\/www.justiceinfo.net\/fr\/wp-json\/wp\/v2\/types\/post"}],"author":[{"embeddable":true,"href":"https:\/\/www.justiceinfo.net\/fr\/wp-json\/wp\/v2\/users\/64"}],"replies":[{"embeddable":true,"href":"https:\/\/www.justiceinfo.net\/fr\/wp-json\/wp\/v2\/comments?post=9686"}],"version-history":[{"count":0,"href":"https:\/\/www.justiceinfo.net\/fr\/wp-json\/wp\/v2\/posts\/9686\/revisions"}],"wp:attachment":[{"href":"https:\/\/www.justiceinfo.net\/fr\/wp-json\/wp\/v2\/media?parent=9686"}],"wp:term":[{"taxonomy":"category","embeddable":true,"href":"https:\/\/www.justiceinfo.net\/fr\/wp-json\/wp\/v2\/categories?post=9686"},{"taxonomy":"post_tag","embeddable":true,"href":"https:\/\/www.justiceinfo.net\/fr\/wp-json\/wp\/v2\/tags?post=9686"},{"taxonomy":"ji_location","embeddable":true,"href":"https:\/\/www.justiceinfo.net\/fr\/wp-json\/wp\/v2\/ji_location?post=9686"}],"curies":[{"name":"wp","href":"https:\/\/api.w.org\/{rel}","templated":true}]}}