{"id":9718,"date":"2008-09-05T00:00:00","date_gmt":"2008-09-04T22:00:00","guid":{"rendered":"https:\/\/www.justiceinfo.net\/9718-050908-rwandajustice-le-proces-de-lancienne-ministre-rwandaise-de-la-justice-reporte-a-mardi6524.html"},"modified":"2008-09-05T00:00:00","modified_gmt":"2008-09-04T22:00:00","slug":"050908-rwandajustice-le-proces-de-lancienne-ministre-rwandaise-de-la-justice-reporte-a-mardi6524","status":"publish","type":"post","link":"https:\/\/www.justiceinfo.net\/fr\/9718-050908-rwandajustice-le-proces-de-lancienne-ministre-rwandaise-de-la-justice-reporte-a-mardi6524.html","title":{"rendered":"05.09.08 - RWANDA\/JUSTICE - LE PROCES DE L'ANCIENNE MINISTRE RWANDAISE DE LA JUSTICE REPORTE A MARDI"},"content":{"rendered":"<p>\nKigali, 5 septembre 2008 (FH) - Le proc&egrave;s d'Agn&egrave;s Ntamabyariro, ex-ministre rwandaise de la Justice pendant le g&eacute;nocide, a repris vendredi avant d'&ecirc;tre report&eacute; &agrave; mardi prochain pour permettre &agrave; la chambre de se prononcer sur les demandes &quot;d'irrecevabilit&eacute; de l'action du minist&egrave;re public&quot; et de &quot;mise en libert&eacute; provisoire&quot; pr&eacute;sent&eacute;es par la d&eacute;fense.\n<\/p>\n<p><!--more-->&quot;Etant donn&eacute; que nous fondons notre demande d'irrecevabilit&eacute; et de libert&eacute; provisoire sur les vices de proc&eacute;dure observ&eacute;s &agrave; l'endroit du minist&egrave;re public, nous jugeons opportun que nos deux requ&ecirc;tes soient examin&eacute;es en m&ecirc;me temps&quot;, a indiqu&eacute; Me Gatera Gashabana, le conseil de l'accus&eacute;e et b&acirc;tonnier de Kigali<\/p>\n<p>Cette demande de libert&eacute; provisoire rejet&eacute;e, il y a 2 ans, &agrave; deux reprises, par la Haute Cour qui jugeait l'affaire, va &ecirc;tre r&eacute;examin&eacute;e aujourd'hui par le Tribunal de Grande Instance, qui a comp&eacute;tence pour les dossiers de g&eacute;nocide, a appris l'Agence.<\/p>\n<p>&quot;Du processus d'arrestation par enl&egrave;vement aux conditions de d&eacute;tention provisoire non conformes &agrave; la loi, autant d'irr&eacute;gularit&eacute;s contraires aux instruments de la justice internationale et sur lesquels s'appuie notre requ&ecirc;te&quot;, a pr&eacute;cis&eacute; encore la d&eacute;fense.<\/p>\n<p>&quot;Kidnapp&eacute;e par des inconnus en 1997, en Zambie, et ramen&eacute;e au Rwanda (o&ugrave; elle est d&eacute;tenue)&quot;, selon ses propres termes, Madame Agn&egrave;s Ntamabyariro est le seul membre du gouvernement int&eacute;rimaire a &ecirc;tre jug&eacute; par les juridictions rwandaises. Douze autres ministres ont &eacute;t&eacute; jug&eacute;s ou sont en cours de jugement par le Tribunal p&eacute;nal international pour le Rwanda (TPIR). <\/p>\n<p>Sur la question de la s&eacute;curit&eacute; des t&eacute;moins &agrave; d&eacute;charge et le droit &agrave; un proc&egrave;s &eacute;quitable, la d&eacute;fense n'entrevoit aucune entrave &agrave; de tels t&eacute;moins. &quot; La loi est l&agrave; et nous sommes l&agrave; pour en demander le respect. Jusqu'ici, nous pr&eacute;sentons nos moyens autant que le minist&egrave;re public. L'accus&eacute;e elle-m&ecirc;me donne son point de vue, chaque fois que de besoin&quot;, selon Me Gatera. <\/p>\n<p>L'ex-ministre est poursuivie pour &laquo; planification du g&eacute;nocide, crimes de g&eacute;nocide et crimes contre l'humanit&eacute;, r&eacute;unions de planification et d'organisation du g&eacute;nocide &agrave; Nyanza (sud) et Kibuye (ouest), sa pr&eacute;fecture d'origine, campagnes de distribution d'armes, l'assassinat de Jean Baptiste Habyarimana, alors pr&eacute;fet de Butare, et du filleul de son mari&raquo;, pr&eacute;cise l'acte d'accusation. <\/p>\n<p>De mai &agrave; juillet derniers, ce proc&egrave;s avait n&eacute;cessit&eacute; les d&eacute;placements de la Cour en tous ces endroits pour auditionner les diff&eacute;rents t&eacute;moins &agrave; propos des faits qui lui sont imput&eacute;s. <\/p>\n<p>SRE\/PB\/GF <\/p>\n<p>&copy; Agence Hirondelle<\/p>\n","protected":false},"excerpt":{"rendered":"<p>Kigali, 5 septembre 2008 (FH) - Le proc&egrave;s d'Agn&egrave;s Ntamabyariro, ex-ministre rwandaise de la Justice pendant le g&eacute;nocide, a repris vendredi avant d'&ecirc;tre report&eacute; &agrave; mardi prochain pour permettre &agrave; la chambre de se prononcer sur les demandes &quot;d'irrecevabilit&eacute; de l'action du minist&egrave;re public&quot; et de &quot;mise en libert&eacute; provisoire&quot; pr&eacute;sent&eacute;es par la d&eacute;fense.<\/p>\n","protected":false},"author":64,"featured_media":0,"comment_status":"open","ping_status":"closed","sticky":false,"template":"","format":"standard","meta":{"_acf_changed":false,"footnotes":""},"categories":[554],"tags":[],"ji_location":[],"class_list":["post-9718","post","type-post","status-publish","format-standard","hentry","category-hirondellenews"],"acf":[],"yoast_head":"<!-- This site is optimized with the Yoast SEO Premium plugin v25.3.1 (Yoast SEO v25.3.1) - https:\/\/yoast.com\/wordpress\/plugins\/seo\/ -->\n<title>05.09.08 - RWANDA\/JUSTICE - LE PROCES DE L&#039;ANCIENNE MINISTRE RWANDAISE DE LA JUSTICE REPORTE A MARDI - JusticeInfo.net<\/title>\n<meta name=\"robots\" content=\"index, follow, max-snippet:-1, max-image-preview:large, max-video-preview:-1\" \/>\n<link rel=\"canonical\" href=\"https:\/\/www.justiceinfo.net\/fr\/9718-050908-rwandajustice-le-proces-de-lancienne-ministre-rwandaise-de-la-justice-reporte-a-mardi6524.html\" \/>\n<meta property=\"og:locale\" content=\"fr_FR\" \/>\n<meta property=\"og:type\" content=\"article\" \/>\n<meta property=\"og:title\" content=\"05.09.08 - RWANDA\/JUSTICE - LE PROCES DE L&#039;ANCIENNE MINISTRE RWANDAISE DE LA JUSTICE REPORTE A MARDI\" \/>\n<meta property=\"og:description\" content=\"Kigali, 5 septembre 2008 (FH) - Le proc&egrave;s d&#039;Agn&egrave;s Ntamabyariro, ex-ministre rwandaise de la Justice pendant le g&eacute;nocide, a repris vendredi avant d&#039;&ecirc;tre report&eacute; &agrave; mardi prochain pour permettre &agrave; la chambre de se prononcer sur les demandes &quot;d&#039;irrecevabilit&eacute; de l&#039;action du minist&egrave;re public&quot; et de &quot;mise en libert&eacute; provisoire&quot; pr&eacute;sent&eacute;es par la d&eacute;fense.\" \/>\n<meta property=\"og:url\" content=\"https:\/\/www.justiceinfo.net\/fr\/9718-050908-rwandajustice-le-proces-de-lancienne-ministre-rwandaise-de-la-justice-reporte-a-mardi6524.html\" \/>\n<meta property=\"og:site_name\" content=\"JusticeInfo.net\" \/>\n<meta property=\"article:publisher\" content=\"https:\/\/www.facebook.com\/JusticeInfo\/\" \/>\n<meta property=\"article:published_time\" content=\"2008-09-04T22:00:00+00:00\" \/>\n<meta property=\"og:image\" content=\"https:\/\/www.justiceinfo.net\/wp-content\/uploads\/JusticeInfoNet_logo_1200x630px.jpg\" \/>\n\t<meta property=\"og:image:width\" content=\"1200\" \/>\n\t<meta property=\"og:image:height\" content=\"630\" \/>\n\t<meta property=\"og:image:type\" content=\"image\/jpeg\" \/>\n<meta name=\"author\" content=\"solivri\" \/>\n<meta name=\"twitter:card\" content=\"summary_large_image\" \/>\n<meta name=\"twitter:creator\" content=\"@justiceinfonet\" \/>\n<meta name=\"twitter:site\" content=\"@justiceinfonet\" \/>\n<meta name=\"twitter:label1\" content=\"\u00c9crit par\" \/>\n\t<meta name=\"twitter:data1\" content=\"solivri\" \/>\n\t<meta name=\"twitter:label2\" content=\"Dur\u00e9e de lecture estim\u00e9e\" \/>\n\t<meta name=\"twitter:data2\" content=\"3 minutes\" \/>\n<script type=\"application\/ld+json\" class=\"yoast-schema-graph\">{\"@context\":\"https:\/\/schema.org\",\"@graph\":[{\"@type\":\"NewsArticle\",\"@id\":\"https:\/\/www.justiceinfo.net\/fr\/9718-050908-rwandajustice-le-proces-de-lancienne-ministre-rwandaise-de-la-justice-reporte-a-mardi6524.html#article\",\"isPartOf\":{\"@id\":\"https:\/\/www.justiceinfo.net\/fr\/9718-050908-rwandajustice-le-proces-de-lancienne-ministre-rwandaise-de-la-justice-reporte-a-mardi6524.html\"},\"author\":{\"name\":\"solivri\",\"@id\":\"https:\/\/www.justiceinfo.net\/fr#\/schema\/person\/6e53cba1629e2e66f3fc1821d3091865\"},\"headline\":\"05.09.08 - RWANDA\/JUSTICE - LE PROCES DE L'ANCIENNE MINISTRE RWANDAISE DE LA JUSTICE REPORTE A MARDI\",\"datePublished\":\"2008-09-04T22:00:00+00:00\",\"mainEntityOfPage\":{\"@id\":\"https:\/\/www.justiceinfo.net\/fr\/9718-050908-rwandajustice-le-proces-de-lancienne-ministre-rwandaise-de-la-justice-reporte-a-mardi6524.html\"},\"wordCount\":577,\"commentCount\":0,\"publisher\":{\"@id\":\"https:\/\/www.justiceinfo.net\/fr#organization\"},\"articleSection\":[\"Hirondelle News\"],\"inLanguage\":\"fr-FR\",\"potentialAction\":[{\"@type\":\"CommentAction\",\"name\":\"Comment\",\"target\":[\"https:\/\/www.justiceinfo.net\/fr\/9718-050908-rwandajustice-le-proces-de-lancienne-ministre-rwandaise-de-la-justice-reporte-a-mardi6524.html#respond\"]}]},{\"@type\":\"WebPage\",\"@id\":\"https:\/\/www.justiceinfo.net\/fr\/9718-050908-rwandajustice-le-proces-de-lancienne-ministre-rwandaise-de-la-justice-reporte-a-mardi6524.html\",\"url\":\"https:\/\/www.justiceinfo.net\/fr\/9718-050908-rwandajustice-le-proces-de-lancienne-ministre-rwandaise-de-la-justice-reporte-a-mardi6524.html\",\"name\":\"05.09.08 - RWANDA\/JUSTICE - LE PROCES DE L'ANCIENNE MINISTRE RWANDAISE DE LA JUSTICE REPORTE A MARDI - JusticeInfo.net\",\"isPartOf\":{\"@id\":\"https:\/\/www.justiceinfo.net\/fr#website\"},\"datePublished\":\"2008-09-04T22:00:00+00:00\",\"breadcrumb\":{\"@id\":\"https:\/\/www.justiceinfo.net\/fr\/9718-050908-rwandajustice-le-proces-de-lancienne-ministre-rwandaise-de-la-justice-reporte-a-mardi6524.html#breadcrumb\"},\"inLanguage\":\"fr-FR\",\"potentialAction\":[{\"@type\":\"ReadAction\",\"target\":[\"https:\/\/www.justiceinfo.net\/fr\/9718-050908-rwandajustice-le-proces-de-lancienne-ministre-rwandaise-de-la-justice-reporte-a-mardi6524.html\"]}]},{\"@type\":\"BreadcrumbList\",\"@id\":\"https:\/\/www.justiceinfo.net\/fr\/9718-050908-rwandajustice-le-proces-de-lancienne-ministre-rwandaise-de-la-justice-reporte-a-mardi6524.html#breadcrumb\",\"itemListElement\":[{\"@type\":\"ListItem\",\"position\":1,\"name\":\"Home\",\"item\":\"https:\/\/www.justiceinfo.net\/fr\"},{\"@type\":\"ListItem\",\"position\":2,\"name\":\"05.09.08 - RWANDA\/JUSTICE - LE PROCES DE L'ANCIENNE MINISTRE RWANDAISE DE LA JUSTICE REPORTE A MARDI\"}]},{\"@type\":\"WebSite\",\"@id\":\"https:\/\/www.justiceinfo.net\/fr#website\",\"url\":\"https:\/\/www.justiceinfo.net\/fr\",\"name\":\"JusticeInfo.net\",\"description\":\"La justice doit \u00eatre vue pour \u00eatre rendue\",\"publisher\":{\"@id\":\"https:\/\/www.justiceinfo.net\/fr#organization\"},\"potentialAction\":[{\"@type\":\"SearchAction\",\"target\":{\"@type\":\"EntryPoint\",\"urlTemplate\":\"https:\/\/www.justiceinfo.net\/fr?s={search_term_string}\"},\"query-input\":{\"@type\":\"PropertyValueSpecification\",\"valueRequired\":true,\"valueName\":\"search_term_string\"}}],\"inLanguage\":\"fr-FR\"},{\"@type\":\"Organization\",\"@id\":\"https:\/\/www.justiceinfo.net\/fr#organization\",\"name\":\"Justice Info\",\"url\":\"https:\/\/www.justiceinfo.net\/fr\",\"logo\":{\"@type\":\"ImageObject\",\"inLanguage\":\"fr-FR\",\"@id\":\"https:\/\/www.justiceinfo.net\/fr#\/schema\/logo\/image\/\",\"url\":\"https:\/\/www.justiceinfo.net\/wp-content\/uploads\/justiceinfo_logo-trans_1200x1200px.png\",\"contentUrl\":\"https:\/\/www.justiceinfo.net\/wp-content\/uploads\/justiceinfo_logo-trans_1200x1200px.png\",\"width\":1199,\"height\":1200,\"caption\":\"Justice Info\"},\"image\":{\"@id\":\"https:\/\/www.justiceinfo.net\/fr#\/schema\/logo\/image\/\"},\"sameAs\":[\"https:\/\/www.facebook.com\/JusticeInfo\/\",\"https:\/\/x.com\/justiceinfonet\",\"https:\/\/www.linkedin.com\/company\/justice-info\",\"https:\/\/www.youtube.com\/channel\/UCyCEsARodyuWtkWyhn-e7pA\"]},{\"@type\":\"Person\",\"name\":\"solivri\",\"url\":\"\/fr\/?s=solivri\"}]}<\/script>\n<!-- \/ Yoast SEO Premium plugin. -->","yoast_head_json":{"title":"05.09.08 - RWANDA\/JUSTICE - LE PROCES DE L'ANCIENNE MINISTRE RWANDAISE DE LA JUSTICE REPORTE A MARDI - JusticeInfo.net","robots":{"index":"index","follow":"follow","max-snippet":"max-snippet:-1","max-image-preview":"max-image-preview:large","max-video-preview":"max-video-preview:-1"},"canonical":"https:\/\/www.justiceinfo.net\/fr\/9718-050908-rwandajustice-le-proces-de-lancienne-ministre-rwandaise-de-la-justice-reporte-a-mardi6524.html","og_locale":"fr_FR","og_type":"article","og_title":"05.09.08 - RWANDA\/JUSTICE - LE PROCES DE L'ANCIENNE MINISTRE RWANDAISE DE LA JUSTICE REPORTE A MARDI","og_description":"Kigali, 5 septembre 2008 (FH) - Le proc&egrave;s d'Agn&egrave;s Ntamabyariro, ex-ministre rwandaise de la Justice pendant le g&eacute;nocide, a repris vendredi avant d'&ecirc;tre report&eacute; &agrave; mardi prochain pour permettre &agrave; la chambre de se prononcer sur les demandes &quot;d'irrecevabilit&eacute; de l'action du minist&egrave;re public&quot; et de &quot;mise en libert&eacute; provisoire&quot; pr&eacute;sent&eacute;es par la d&eacute;fense.","og_url":"https:\/\/www.justiceinfo.net\/fr\/9718-050908-rwandajustice-le-proces-de-lancienne-ministre-rwandaise-de-la-justice-reporte-a-mardi6524.html","og_site_name":"JusticeInfo.net","article_publisher":"https:\/\/www.facebook.com\/JusticeInfo\/","article_published_time":"2008-09-04T22:00:00+00:00","og_image":[{"width":1200,"height":630,"url":"https:\/\/www.justiceinfo.net\/wp-content\/uploads\/JusticeInfoNet_logo_1200x630px.jpg","type":"image\/jpeg"}],"author":"solivri","twitter_card":"summary_large_image","twitter_creator":"@justiceinfonet","twitter_site":"@justiceinfonet","twitter_misc":{"\u00c9crit par":"solivri","Dur\u00e9e de lecture estim\u00e9e":"3 minutes"},"schema":{"@context":"https:\/\/schema.org","@graph":[{"@type":"NewsArticle","@id":"https:\/\/www.justiceinfo.net\/fr\/9718-050908-rwandajustice-le-proces-de-lancienne-ministre-rwandaise-de-la-justice-reporte-a-mardi6524.html#article","isPartOf":{"@id":"https:\/\/www.justiceinfo.net\/fr\/9718-050908-rwandajustice-le-proces-de-lancienne-ministre-rwandaise-de-la-justice-reporte-a-mardi6524.html"},"author":{"name":"solivri","@id":"https:\/\/www.justiceinfo.net\/fr#\/schema\/person\/6e53cba1629e2e66f3fc1821d3091865"},"headline":"05.09.08 - RWANDA\/JUSTICE - LE PROCES DE L'ANCIENNE MINISTRE RWANDAISE DE LA JUSTICE REPORTE A MARDI","datePublished":"2008-09-04T22:00:00+00:00","mainEntityOfPage":{"@id":"https:\/\/www.justiceinfo.net\/fr\/9718-050908-rwandajustice-le-proces-de-lancienne-ministre-rwandaise-de-la-justice-reporte-a-mardi6524.html"},"wordCount":577,"commentCount":0,"publisher":{"@id":"https:\/\/www.justiceinfo.net\/fr#organization"},"articleSection":["Hirondelle News"],"inLanguage":"fr-FR","potentialAction":[{"@type":"CommentAction","name":"Comment","target":["https:\/\/www.justiceinfo.net\/fr\/9718-050908-rwandajustice-le-proces-de-lancienne-ministre-rwandaise-de-la-justice-reporte-a-mardi6524.html#respond"]}]},{"@type":"WebPage","@id":"https:\/\/www.justiceinfo.net\/fr\/9718-050908-rwandajustice-le-proces-de-lancienne-ministre-rwandaise-de-la-justice-reporte-a-mardi6524.html","url":"https:\/\/www.justiceinfo.net\/fr\/9718-050908-rwandajustice-le-proces-de-lancienne-ministre-rwandaise-de-la-justice-reporte-a-mardi6524.html","name":"05.09.08 - RWANDA\/JUSTICE - LE PROCES DE L'ANCIENNE MINISTRE RWANDAISE DE LA JUSTICE REPORTE A MARDI - JusticeInfo.net","isPartOf":{"@id":"https:\/\/www.justiceinfo.net\/fr#website"},"datePublished":"2008-09-04T22:00:00+00:00","breadcrumb":{"@id":"https:\/\/www.justiceinfo.net\/fr\/9718-050908-rwandajustice-le-proces-de-lancienne-ministre-rwandaise-de-la-justice-reporte-a-mardi6524.html#breadcrumb"},"inLanguage":"fr-FR","potentialAction":[{"@type":"ReadAction","target":["https:\/\/www.justiceinfo.net\/fr\/9718-050908-rwandajustice-le-proces-de-lancienne-ministre-rwandaise-de-la-justice-reporte-a-mardi6524.html"]}]},{"@type":"BreadcrumbList","@id":"https:\/\/www.justiceinfo.net\/fr\/9718-050908-rwandajustice-le-proces-de-lancienne-ministre-rwandaise-de-la-justice-reporte-a-mardi6524.html#breadcrumb","itemListElement":[{"@type":"ListItem","position":1,"name":"Home","item":"https:\/\/www.justiceinfo.net\/fr"},{"@type":"ListItem","position":2,"name":"05.09.08 - RWANDA\/JUSTICE - LE PROCES DE L'ANCIENNE MINISTRE RWANDAISE DE LA JUSTICE REPORTE A MARDI"}]},{"@type":"WebSite","@id":"https:\/\/www.justiceinfo.net\/fr#website","url":"https:\/\/www.justiceinfo.net\/fr","name":"JusticeInfo.net","description":"La justice doit \u00eatre vue pour \u00eatre rendue","publisher":{"@id":"https:\/\/www.justiceinfo.net\/fr#organization"},"potentialAction":[{"@type":"SearchAction","target":{"@type":"EntryPoint","urlTemplate":"https:\/\/www.justiceinfo.net\/fr?s={search_term_string}"},"query-input":{"@type":"PropertyValueSpecification","valueRequired":true,"valueName":"search_term_string"}}],"inLanguage":"fr-FR"},{"@type":"Organization","@id":"https:\/\/www.justiceinfo.net\/fr#organization","name":"Justice Info","url":"https:\/\/www.justiceinfo.net\/fr","logo":{"@type":"ImageObject","inLanguage":"fr-FR","@id":"https:\/\/www.justiceinfo.net\/fr#\/schema\/logo\/image\/","url":"https:\/\/www.justiceinfo.net\/wp-content\/uploads\/justiceinfo_logo-trans_1200x1200px.png","contentUrl":"https:\/\/www.justiceinfo.net\/wp-content\/uploads\/justiceinfo_logo-trans_1200x1200px.png","width":1199,"height":1200,"caption":"Justice Info"},"image":{"@id":"https:\/\/www.justiceinfo.net\/fr#\/schema\/logo\/image\/"},"sameAs":["https:\/\/www.facebook.com\/JusticeInfo\/","https:\/\/x.com\/justiceinfonet","https:\/\/www.linkedin.com\/company\/justice-info","https:\/\/www.youtube.com\/channel\/UCyCEsARodyuWtkWyhn-e7pA"]},{"@type":"Person","name":"solivri","url":"\/fr\/?s=solivri"}]}},"_links":{"self":[{"href":"https:\/\/www.justiceinfo.net\/fr\/wp-json\/wp\/v2\/posts\/9718","targetHints":{"allow":["GET"]}}],"collection":[{"href":"https:\/\/www.justiceinfo.net\/fr\/wp-json\/wp\/v2\/posts"}],"about":[{"href":"https:\/\/www.justiceinfo.net\/fr\/wp-json\/wp\/v2\/types\/post"}],"author":[{"embeddable":true,"href":"https:\/\/www.justiceinfo.net\/fr\/wp-json\/wp\/v2\/users\/64"}],"replies":[{"embeddable":true,"href":"https:\/\/www.justiceinfo.net\/fr\/wp-json\/wp\/v2\/comments?post=9718"}],"version-history":[{"count":0,"href":"https:\/\/www.justiceinfo.net\/fr\/wp-json\/wp\/v2\/posts\/9718\/revisions"}],"wp:attachment":[{"href":"https:\/\/www.justiceinfo.net\/fr\/wp-json\/wp\/v2\/media?parent=9718"}],"wp:term":[{"taxonomy":"category","embeddable":true,"href":"https:\/\/www.justiceinfo.net\/fr\/wp-json\/wp\/v2\/categories?post=9718"},{"taxonomy":"post_tag","embeddable":true,"href":"https:\/\/www.justiceinfo.net\/fr\/wp-json\/wp\/v2\/tags?post=9718"},{"taxonomy":"ji_location","embeddable":true,"href":"https:\/\/www.justiceinfo.net\/fr\/wp-json\/wp\/v2\/ji_location?post=9718"}],"curies":[{"name":"wp","href":"https:\/\/api.w.org\/{rel}","templated":true}]}}