{"id":9720,"date":"2008-09-08T00:00:00","date_gmt":"2008-09-07T22:00:00","guid":{"rendered":"https:\/\/www.justiceinfo.net\/9720-080908-tpirmilitaires-ii-le-major-nzuwonemeye-etait-favorable-aux-accords-de-paix-temoin6526.html"},"modified":"2008-09-08T00:00:00","modified_gmt":"2008-09-07T22:00:00","slug":"080908-tpirmilitaires-ii-le-major-nzuwonemeye-etait-favorable-aux-accords-de-paix-temoin6526","status":"publish","type":"post","link":"https:\/\/www.justiceinfo.net\/fr\/9720-080908-tpirmilitaires-ii-le-major-nzuwonemeye-etait-favorable-aux-accords-de-paix-temoin6526.html","title":{"rendered":"08.09.08 - TPIR\/MILITAIRES II - LE MAJOR NZUWONEMEYE ETAIT FAVORABLE AUX ACCORDS DE PAIX, TEMOIN"},"content":{"rendered":"<p>Arusha, 8 septembre 2008 (FH) - Un t&eacute;moin cit&eacute; lundi devant le Tribunal p&eacute;nal international pour le Rwanda (TPIR) a d&eacute;clar&eacute; que le major Fran&ccedil;ois-Xavier Nzuwonemeye &eacute;tait favorable aux accords de paix conclus en 1993 entre le gouvernement rwandais de l'&eacute;poque et les rebelles du Front patriotique rwandais (FPR) actuellement au pouvoir.<br \/>\n<!--more--><\/p>\n<p>\nCes accords, fruit de longues et laborieuses n&eacute;gociations, &agrave; Arusha (Tanzanie), actuellement si&egrave;ge du TPIR, avaient &eacute;t&eacute; sign&eacute;s le 3 ao&ucirc;t 1993. <\/p>\n<p>&quot;Le major Nzuyonemeye avait une attitude positive par rapport &agrave; l'accord de paix&quot;, a affirm&eacute; le t&eacute;moin, qui d&eacute;posait sous le pseudonyme N1 pour des raisons de s&eacute;curit&eacute;. <\/p>\n<p>Le major commandait alors le bataillon de reconnaissance, une des meilleures unit&eacute;s de l'arm&eacute;e rwandaise, &agrave; l'&eacute;poque.<br \/>\nN1, 20&egrave;me t&eacute;moin de la d&eacute;fense du major Nzuwonemeye, a indiqu&eacute; qu'il &eacute;tait voisin de l'accus&eacute;, qu'ils se fr&eacute;quentaient et partageaient souvent un verre. <\/p>\n<p>Selon ce t&eacute;moin qui s'est pr&eacute;sent&eacute; comme l'un des n&eacute;gociateurs des accords de paix, les officiers sup&eacute;rieurs de l'arm&eacute;e rwandaise soutenaient, dans leur ensemble, le processus de paix. <\/p>\n<p>Nzuwonemeye est jug&eacute; avec son ancien subalterne au bataillon de reconnaissance, le capitaine Innocent Sagahutu, ainsi qu'avec les anciens chefs d'Etat-major de l'arm&eacute;e et de la gendarmerie, les g&eacute;n&eacute;raux Augustin Bizimungu et Augustin Ndindiliyimana. Ces deux derniers ont d&eacute;j&agrave; termin&eacute; leur d&eacute;fense et le capitaine sera le dernier &agrave; pr&eacute;senter ses t&eacute;moins. <\/p>\n<p>Poursuivis pour crimes de g&eacute;nocide, crimes contre l'humanit&eacute; et crimes de guerre, les quatre officiers plaident non coupables. <\/p>\n<p>Leur proc&egrave;s qui a d&eacute;but&eacute; en septembre 2004 a repris ce jour apr&eacute;s avoir &eacute;t&eacute; suspendu depuis pr&egrave;s de 2 mois. <\/p>\n<p>NI\/ER\/GF <\/p>\n<p>&copy; Agence Hirondelle<\/p>\n","protected":false},"excerpt":{"rendered":"<p>Arusha, 8 septembre 2008 (FH) - Un t&eacute;moin cit&eacute; lundi devant le Tribunal p&eacute;nal international pour le Rwanda (TPIR) a d&eacute;clar&eacute; que le major Fran&ccedil;ois-Xavier Nzuwonemeye &eacute;tait favorable aux accords de paix conclus en 1993 entre le gouvernement rwandais de l'&eacute;poque et les rebelles du Front patriotique rwandais (FPR) actuellement au pouvoir.<\/p>\n","protected":false},"author":64,"featured_media":0,"comment_status":"open","ping_status":"closed","sticky":false,"template":"","format":"standard","meta":{"_acf_changed":false,"footnotes":""},"categories":[554],"tags":[],"ji_location":[],"class_list":["post-9720","post","type-post","status-publish","format-standard","hentry","category-hirondellenews"],"acf":[],"yoast_head":"<!-- This site is optimized with the Yoast SEO Premium plugin v25.3.1 (Yoast SEO v25.3.1) - https:\/\/yoast.com\/wordpress\/plugins\/seo\/ -->\n<title>08.09.08 - TPIR\/MILITAIRES II - LE MAJOR NZUWONEMEYE ETAIT FAVORABLE AUX ACCORDS DE PAIX, TEMOIN - JusticeInfo.net<\/title>\n<meta name=\"robots\" content=\"index, follow, max-snippet:-1, max-image-preview:large, max-video-preview:-1\" \/>\n<link rel=\"canonical\" href=\"https:\/\/www.justiceinfo.net\/fr\/9720-080908-tpirmilitaires-ii-le-major-nzuwonemeye-etait-favorable-aux-accords-de-paix-temoin6526.html\" \/>\n<meta property=\"og:locale\" content=\"fr_FR\" \/>\n<meta property=\"og:type\" content=\"article\" \/>\n<meta property=\"og:title\" content=\"08.09.08 - TPIR\/MILITAIRES II - LE MAJOR NZUWONEMEYE ETAIT FAVORABLE AUX ACCORDS DE PAIX, TEMOIN\" \/>\n<meta property=\"og:description\" content=\"Arusha, 8 septembre 2008 (FH) - Un t&eacute;moin cit&eacute; lundi devant le Tribunal p&eacute;nal international pour le Rwanda (TPIR) a d&eacute;clar&eacute; que le major Fran&ccedil;ois-Xavier Nzuwonemeye &eacute;tait favorable aux accords de paix conclus en 1993 entre le gouvernement rwandais de l&#039;&eacute;poque et les rebelles du Front patriotique rwandais (FPR) actuellement au pouvoir.\" \/>\n<meta property=\"og:url\" content=\"https:\/\/www.justiceinfo.net\/fr\/9720-080908-tpirmilitaires-ii-le-major-nzuwonemeye-etait-favorable-aux-accords-de-paix-temoin6526.html\" \/>\n<meta property=\"og:site_name\" content=\"JusticeInfo.net\" \/>\n<meta property=\"article:publisher\" content=\"https:\/\/www.facebook.com\/JusticeInfo\/\" \/>\n<meta property=\"article:published_time\" content=\"2008-09-07T22:00:00+00:00\" \/>\n<meta property=\"og:image\" content=\"https:\/\/www.justiceinfo.net\/wp-content\/uploads\/JusticeInfoNet_logo_1200x630px.jpg\" \/>\n\t<meta property=\"og:image:width\" content=\"1200\" \/>\n\t<meta property=\"og:image:height\" content=\"630\" \/>\n\t<meta property=\"og:image:type\" content=\"image\/jpeg\" \/>\n<meta name=\"author\" content=\"solivri\" \/>\n<meta name=\"twitter:card\" content=\"summary_large_image\" \/>\n<meta name=\"twitter:creator\" content=\"@justiceinfonet\" \/>\n<meta name=\"twitter:site\" content=\"@justiceinfonet\" \/>\n<meta name=\"twitter:label1\" content=\"\u00c9crit par\" \/>\n\t<meta name=\"twitter:data1\" content=\"solivri\" \/>\n\t<meta name=\"twitter:label2\" content=\"Dur\u00e9e de lecture estim\u00e9e\" \/>\n\t<meta name=\"twitter:data2\" content=\"2 minutes\" \/>\n<script type=\"application\/ld+json\" class=\"yoast-schema-graph\">{\"@context\":\"https:\/\/schema.org\",\"@graph\":[{\"@type\":\"NewsArticle\",\"@id\":\"https:\/\/www.justiceinfo.net\/fr\/9720-080908-tpirmilitaires-ii-le-major-nzuwonemeye-etait-favorable-aux-accords-de-paix-temoin6526.html#article\",\"isPartOf\":{\"@id\":\"https:\/\/www.justiceinfo.net\/fr\/9720-080908-tpirmilitaires-ii-le-major-nzuwonemeye-etait-favorable-aux-accords-de-paix-temoin6526.html\"},\"author\":{\"name\":\"solivri\",\"@id\":\"https:\/\/www.justiceinfo.net\/fr#\/schema\/person\/6e53cba1629e2e66f3fc1821d3091865\"},\"headline\":\"08.09.08 - TPIR\/MILITAIRES II - LE MAJOR NZUWONEMEYE ETAIT FAVORABLE AUX ACCORDS DE PAIX, TEMOIN\",\"datePublished\":\"2008-09-07T22:00:00+00:00\",\"mainEntityOfPage\":{\"@id\":\"https:\/\/www.justiceinfo.net\/fr\/9720-080908-tpirmilitaires-ii-le-major-nzuwonemeye-etait-favorable-aux-accords-de-paix-temoin6526.html\"},\"wordCount\":379,\"commentCount\":0,\"publisher\":{\"@id\":\"https:\/\/www.justiceinfo.net\/fr#organization\"},\"articleSection\":[\"Hirondelle News\"],\"inLanguage\":\"fr-FR\",\"potentialAction\":[{\"@type\":\"CommentAction\",\"name\":\"Comment\",\"target\":[\"https:\/\/www.justiceinfo.net\/fr\/9720-080908-tpirmilitaires-ii-le-major-nzuwonemeye-etait-favorable-aux-accords-de-paix-temoin6526.html#respond\"]}]},{\"@type\":\"WebPage\",\"@id\":\"https:\/\/www.justiceinfo.net\/fr\/9720-080908-tpirmilitaires-ii-le-major-nzuwonemeye-etait-favorable-aux-accords-de-paix-temoin6526.html\",\"url\":\"https:\/\/www.justiceinfo.net\/fr\/9720-080908-tpirmilitaires-ii-le-major-nzuwonemeye-etait-favorable-aux-accords-de-paix-temoin6526.html\",\"name\":\"08.09.08 - TPIR\/MILITAIRES II - LE MAJOR NZUWONEMEYE ETAIT FAVORABLE AUX ACCORDS DE PAIX, TEMOIN - JusticeInfo.net\",\"isPartOf\":{\"@id\":\"https:\/\/www.justiceinfo.net\/fr#website\"},\"datePublished\":\"2008-09-07T22:00:00+00:00\",\"breadcrumb\":{\"@id\":\"https:\/\/www.justiceinfo.net\/fr\/9720-080908-tpirmilitaires-ii-le-major-nzuwonemeye-etait-favorable-aux-accords-de-paix-temoin6526.html#breadcrumb\"},\"inLanguage\":\"fr-FR\",\"potentialAction\":[{\"@type\":\"ReadAction\",\"target\":[\"https:\/\/www.justiceinfo.net\/fr\/9720-080908-tpirmilitaires-ii-le-major-nzuwonemeye-etait-favorable-aux-accords-de-paix-temoin6526.html\"]}]},{\"@type\":\"BreadcrumbList\",\"@id\":\"https:\/\/www.justiceinfo.net\/fr\/9720-080908-tpirmilitaires-ii-le-major-nzuwonemeye-etait-favorable-aux-accords-de-paix-temoin6526.html#breadcrumb\",\"itemListElement\":[{\"@type\":\"ListItem\",\"position\":1,\"name\":\"Home\",\"item\":\"https:\/\/www.justiceinfo.net\/fr\"},{\"@type\":\"ListItem\",\"position\":2,\"name\":\"08.09.08 - TPIR\/MILITAIRES II - LE MAJOR NZUWONEMEYE ETAIT FAVORABLE AUX ACCORDS DE PAIX, TEMOIN\"}]},{\"@type\":\"WebSite\",\"@id\":\"https:\/\/www.justiceinfo.net\/fr#website\",\"url\":\"https:\/\/www.justiceinfo.net\/fr\",\"name\":\"JusticeInfo.net\",\"description\":\"La justice doit \u00eatre vue pour \u00eatre rendue\",\"publisher\":{\"@id\":\"https:\/\/www.justiceinfo.net\/fr#organization\"},\"potentialAction\":[{\"@type\":\"SearchAction\",\"target\":{\"@type\":\"EntryPoint\",\"urlTemplate\":\"https:\/\/www.justiceinfo.net\/fr?s={search_term_string}\"},\"query-input\":{\"@type\":\"PropertyValueSpecification\",\"valueRequired\":true,\"valueName\":\"search_term_string\"}}],\"inLanguage\":\"fr-FR\"},{\"@type\":\"Organization\",\"@id\":\"https:\/\/www.justiceinfo.net\/fr#organization\",\"name\":\"Justice Info\",\"url\":\"https:\/\/www.justiceinfo.net\/fr\",\"logo\":{\"@type\":\"ImageObject\",\"inLanguage\":\"fr-FR\",\"@id\":\"https:\/\/www.justiceinfo.net\/fr#\/schema\/logo\/image\/\",\"url\":\"https:\/\/www.justiceinfo.net\/wp-content\/uploads\/justiceinfo_logo-trans_1200x1200px.png\",\"contentUrl\":\"https:\/\/www.justiceinfo.net\/wp-content\/uploads\/justiceinfo_logo-trans_1200x1200px.png\",\"width\":1199,\"height\":1200,\"caption\":\"Justice Info\"},\"image\":{\"@id\":\"https:\/\/www.justiceinfo.net\/fr#\/schema\/logo\/image\/\"},\"sameAs\":[\"https:\/\/www.facebook.com\/JusticeInfo\/\",\"https:\/\/x.com\/justiceinfonet\",\"https:\/\/www.linkedin.com\/company\/justice-info\",\"https:\/\/www.youtube.com\/channel\/UCyCEsARodyuWtkWyhn-e7pA\"]},{\"@type\":\"Person\",\"name\":\"solivri\",\"url\":\"\/fr\/?s=solivri\"}]}<\/script>\n<!-- \/ Yoast SEO Premium plugin. -->","yoast_head_json":{"title":"08.09.08 - TPIR\/MILITAIRES II - LE MAJOR NZUWONEMEYE ETAIT FAVORABLE AUX ACCORDS DE PAIX, TEMOIN - JusticeInfo.net","robots":{"index":"index","follow":"follow","max-snippet":"max-snippet:-1","max-image-preview":"max-image-preview:large","max-video-preview":"max-video-preview:-1"},"canonical":"https:\/\/www.justiceinfo.net\/fr\/9720-080908-tpirmilitaires-ii-le-major-nzuwonemeye-etait-favorable-aux-accords-de-paix-temoin6526.html","og_locale":"fr_FR","og_type":"article","og_title":"08.09.08 - TPIR\/MILITAIRES II - LE MAJOR NZUWONEMEYE ETAIT FAVORABLE AUX ACCORDS DE PAIX, TEMOIN","og_description":"Arusha, 8 septembre 2008 (FH) - Un t&eacute;moin cit&eacute; lundi devant le Tribunal p&eacute;nal international pour le Rwanda (TPIR) a d&eacute;clar&eacute; que le major Fran&ccedil;ois-Xavier Nzuwonemeye &eacute;tait favorable aux accords de paix conclus en 1993 entre le gouvernement rwandais de l'&eacute;poque et les rebelles du Front patriotique rwandais (FPR) actuellement au pouvoir.","og_url":"https:\/\/www.justiceinfo.net\/fr\/9720-080908-tpirmilitaires-ii-le-major-nzuwonemeye-etait-favorable-aux-accords-de-paix-temoin6526.html","og_site_name":"JusticeInfo.net","article_publisher":"https:\/\/www.facebook.com\/JusticeInfo\/","article_published_time":"2008-09-07T22:00:00+00:00","og_image":[{"width":1200,"height":630,"url":"https:\/\/www.justiceinfo.net\/wp-content\/uploads\/JusticeInfoNet_logo_1200x630px.jpg","type":"image\/jpeg"}],"author":"solivri","twitter_card":"summary_large_image","twitter_creator":"@justiceinfonet","twitter_site":"@justiceinfonet","twitter_misc":{"\u00c9crit par":"solivri","Dur\u00e9e de lecture estim\u00e9e":"2 minutes"},"schema":{"@context":"https:\/\/schema.org","@graph":[{"@type":"NewsArticle","@id":"https:\/\/www.justiceinfo.net\/fr\/9720-080908-tpirmilitaires-ii-le-major-nzuwonemeye-etait-favorable-aux-accords-de-paix-temoin6526.html#article","isPartOf":{"@id":"https:\/\/www.justiceinfo.net\/fr\/9720-080908-tpirmilitaires-ii-le-major-nzuwonemeye-etait-favorable-aux-accords-de-paix-temoin6526.html"},"author":{"name":"solivri","@id":"https:\/\/www.justiceinfo.net\/fr#\/schema\/person\/6e53cba1629e2e66f3fc1821d3091865"},"headline":"08.09.08 - TPIR\/MILITAIRES II - LE MAJOR NZUWONEMEYE ETAIT FAVORABLE AUX ACCORDS DE PAIX, TEMOIN","datePublished":"2008-09-07T22:00:00+00:00","mainEntityOfPage":{"@id":"https:\/\/www.justiceinfo.net\/fr\/9720-080908-tpirmilitaires-ii-le-major-nzuwonemeye-etait-favorable-aux-accords-de-paix-temoin6526.html"},"wordCount":379,"commentCount":0,"publisher":{"@id":"https:\/\/www.justiceinfo.net\/fr#organization"},"articleSection":["Hirondelle News"],"inLanguage":"fr-FR","potentialAction":[{"@type":"CommentAction","name":"Comment","target":["https:\/\/www.justiceinfo.net\/fr\/9720-080908-tpirmilitaires-ii-le-major-nzuwonemeye-etait-favorable-aux-accords-de-paix-temoin6526.html#respond"]}]},{"@type":"WebPage","@id":"https:\/\/www.justiceinfo.net\/fr\/9720-080908-tpirmilitaires-ii-le-major-nzuwonemeye-etait-favorable-aux-accords-de-paix-temoin6526.html","url":"https:\/\/www.justiceinfo.net\/fr\/9720-080908-tpirmilitaires-ii-le-major-nzuwonemeye-etait-favorable-aux-accords-de-paix-temoin6526.html","name":"08.09.08 - TPIR\/MILITAIRES II - LE MAJOR NZUWONEMEYE ETAIT FAVORABLE AUX ACCORDS DE PAIX, TEMOIN - JusticeInfo.net","isPartOf":{"@id":"https:\/\/www.justiceinfo.net\/fr#website"},"datePublished":"2008-09-07T22:00:00+00:00","breadcrumb":{"@id":"https:\/\/www.justiceinfo.net\/fr\/9720-080908-tpirmilitaires-ii-le-major-nzuwonemeye-etait-favorable-aux-accords-de-paix-temoin6526.html#breadcrumb"},"inLanguage":"fr-FR","potentialAction":[{"@type":"ReadAction","target":["https:\/\/www.justiceinfo.net\/fr\/9720-080908-tpirmilitaires-ii-le-major-nzuwonemeye-etait-favorable-aux-accords-de-paix-temoin6526.html"]}]},{"@type":"BreadcrumbList","@id":"https:\/\/www.justiceinfo.net\/fr\/9720-080908-tpirmilitaires-ii-le-major-nzuwonemeye-etait-favorable-aux-accords-de-paix-temoin6526.html#breadcrumb","itemListElement":[{"@type":"ListItem","position":1,"name":"Home","item":"https:\/\/www.justiceinfo.net\/fr"},{"@type":"ListItem","position":2,"name":"08.09.08 - TPIR\/MILITAIRES II - LE MAJOR NZUWONEMEYE ETAIT FAVORABLE AUX ACCORDS DE PAIX, TEMOIN"}]},{"@type":"WebSite","@id":"https:\/\/www.justiceinfo.net\/fr#website","url":"https:\/\/www.justiceinfo.net\/fr","name":"JusticeInfo.net","description":"La justice doit \u00eatre vue pour \u00eatre rendue","publisher":{"@id":"https:\/\/www.justiceinfo.net\/fr#organization"},"potentialAction":[{"@type":"SearchAction","target":{"@type":"EntryPoint","urlTemplate":"https:\/\/www.justiceinfo.net\/fr?s={search_term_string}"},"query-input":{"@type":"PropertyValueSpecification","valueRequired":true,"valueName":"search_term_string"}}],"inLanguage":"fr-FR"},{"@type":"Organization","@id":"https:\/\/www.justiceinfo.net\/fr#organization","name":"Justice Info","url":"https:\/\/www.justiceinfo.net\/fr","logo":{"@type":"ImageObject","inLanguage":"fr-FR","@id":"https:\/\/www.justiceinfo.net\/fr#\/schema\/logo\/image\/","url":"https:\/\/www.justiceinfo.net\/wp-content\/uploads\/justiceinfo_logo-trans_1200x1200px.png","contentUrl":"https:\/\/www.justiceinfo.net\/wp-content\/uploads\/justiceinfo_logo-trans_1200x1200px.png","width":1199,"height":1200,"caption":"Justice Info"},"image":{"@id":"https:\/\/www.justiceinfo.net\/fr#\/schema\/logo\/image\/"},"sameAs":["https:\/\/www.facebook.com\/JusticeInfo\/","https:\/\/x.com\/justiceinfonet","https:\/\/www.linkedin.com\/company\/justice-info","https:\/\/www.youtube.com\/channel\/UCyCEsARodyuWtkWyhn-e7pA"]},{"@type":"Person","name":"solivri","url":"\/fr\/?s=solivri"}]}},"_links":{"self":[{"href":"https:\/\/www.justiceinfo.net\/fr\/wp-json\/wp\/v2\/posts\/9720","targetHints":{"allow":["GET"]}}],"collection":[{"href":"https:\/\/www.justiceinfo.net\/fr\/wp-json\/wp\/v2\/posts"}],"about":[{"href":"https:\/\/www.justiceinfo.net\/fr\/wp-json\/wp\/v2\/types\/post"}],"author":[{"embeddable":true,"href":"https:\/\/www.justiceinfo.net\/fr\/wp-json\/wp\/v2\/users\/64"}],"replies":[{"embeddable":true,"href":"https:\/\/www.justiceinfo.net\/fr\/wp-json\/wp\/v2\/comments?post=9720"}],"version-history":[{"count":0,"href":"https:\/\/www.justiceinfo.net\/fr\/wp-json\/wp\/v2\/posts\/9720\/revisions"}],"wp:attachment":[{"href":"https:\/\/www.justiceinfo.net\/fr\/wp-json\/wp\/v2\/media?parent=9720"}],"wp:term":[{"taxonomy":"category","embeddable":true,"href":"https:\/\/www.justiceinfo.net\/fr\/wp-json\/wp\/v2\/categories?post=9720"},{"taxonomy":"post_tag","embeddable":true,"href":"https:\/\/www.justiceinfo.net\/fr\/wp-json\/wp\/v2\/tags?post=9720"},{"taxonomy":"ji_location","embeddable":true,"href":"https:\/\/www.justiceinfo.net\/fr\/wp-json\/wp\/v2\/ji_location?post=9720"}],"curies":[{"name":"wp","href":"https:\/\/api.w.org\/{rel}","templated":true}]}}