{"id":9768,"date":"2008-09-23T00:00:00","date_gmt":"2008-09-22T22:00:00","guid":{"rendered":"https:\/\/www.justiceinfo.net\/9768-230908-rwandafrance-pierre-pean-comparait-en-france-pour-diffamation-raciale6574.html"},"modified":"2008-09-23T00:00:00","modified_gmt":"2008-09-22T22:00:00","slug":"230908-rwandafrance-pierre-pean-comparait-en-france-pour-diffamation-raciale6574","status":"publish","type":"post","link":"https:\/\/www.justiceinfo.net\/fr\/9768-230908-rwandafrance-pierre-pean-comparait-en-france-pour-diffamation-raciale6574.html","title":{"rendered":"23.09.08 - RWANDA\/FRANCE - PIERRE PEAN COMPARAIT EN FRANCE POUR DIFFAMATION RACIALE"},"content":{"rendered":"<p>\nPARIS, 23 septembre 2008 (FH) - L'&eacute;crivain Pierre P&eacute;an, 70 ans, compara&icirc;t de mardi &agrave; jeudi devant le tribunal correctionnel de Paris pour diffamation raciale et provocation &agrave; la haine raciale &agrave; la suite de la publication, en novembre 2005 de son ouvrage, &quot;Noires fureurs, blancs menteurs&quot;, sur le g&eacute;nocide des Tutsis du Rwanda.\n<\/p>\n<p><!--more--><\/p>\n<p>\nLes poursuites judiciaires avaient &eacute;t&eacute; intent&eacute;es par SOS Racisme en octobre 2006, l'association estimant que certains passages du livre &eacute;taient une fa&ccedil;on de stigmatiser toute une population. Dans cet ouvrage, M. P&eacute;an &eacute;crivait notamment que &quot;la culture du mensonge et de la dissimulation domine toutes les autres chez les Tutsis&quot;, ou que cette race &quot;est l'une des plus menteuses qui soit&quot;.\n<\/p>\n<p>\nLa d&eacute;fense de M. P&eacute;an a fait citer un certain nombre de t&eacute;moins, dont l'ancien secr&eacute;taire g&eacute;n&eacute;ral de l'Elys&eacute;e, Hubert V&eacute;drine, ou Bernard Debr&eacute;, ministre de la Coop&eacute;ration &agrave; partir de septembre 1994. Viendront t&eacute;moigner d'anciens militaires mais &eacute;galement des universitaires ou historiens ayant travaill&eacute; sur le Rwanda.\n<\/p>\n<p>\nPierre P&eacute;an et Claude Durand, le PDG des &eacute;ditions Fayard, &eacute;galement poursuivi, seront pr&eacute;sents pendant toute la dur&eacute;e du proc&egrave;s. L'ouvrage a &eacute;t&eacute; publi&eacute; par les &eacute;ditions Arth&egrave;me Fayard dans la collection Mille et une nuits.\n<\/p>\n<p>\nLes poursuites contre P&eacute;an et son &eacute;diteur avaient &eacute;t&eacute; annonc&eacute;es le 24 janvier 2006 &agrave; Kigali, par Ibuka, la principale organisation de survivants du g&eacute;nocide. Le pr&eacute;sident du collectif, &agrave; l'&eacute;poque Fran&ccedil;ois-Xavier Ngarambe, avait indiqu&eacute;, dans un communiqu&eacute;, que les rescap&eacute;s avaient charg&eacute; des avocats fran&ccedil;ais et belges de &laquo; prendre toutes les initiatives, au niveau p&eacute;nal et civil, en vue de faire reconna&icirc;tre leurs droits &raquo;. Pour se conformer au droit fran&ccedil;ais, c'est SOS Racisme, qui, au nom de ces survivants, a d&eacute;pos&eacute; plainte.\n<\/p>\n<p>\nLe g&eacute;nocide a d&eacute;but&eacute; au lendemain de l'attentat contre l'avion du pr&eacute;sident Juv&eacute;nal Habyarimana, abattu le 6 avril 1994 aux alentours de 20h par un missile, alors qu'il s'appr&ecirc;tait &agrave; atterrir sur l'a&eacute;roport de Kigali. Selon les Nations Unies, 800.000 Rwandais, en grande majorit&eacute; des Tutsis, mais aussi des Hutus mod&eacute;r&eacute;s, ont &eacute;t&eacute; tu&eacute;s en 100 jours. <\/p>\n<p>AS\/PB\/ER\/GF <\/p>\n<p>&copy; Agence Hirondelle<\/p>\n","protected":false},"excerpt":{"rendered":"<p>PARIS, 23 septembre 2008 (FH) - L'&eacute;crivain Pierre P&eacute;an, 70 ans, compara&icirc;t de mardi &agrave; jeudi devant le tribunal correctionnel de Paris pour diffamation raciale et provocation &agrave; la haine raciale &agrave; la suite de la publication, en novembre 2005 de son ouvrage, &quot;Noires fureurs, blancs menteurs&quot;, sur le g&eacute;nocide des Tutsis du Rwanda.<\/p>\n","protected":false},"author":64,"featured_media":0,"comment_status":"open","ping_status":"closed","sticky":false,"template":"","format":"standard","meta":{"_acf_changed":false,"footnotes":""},"categories":[554],"tags":[],"ji_location":[],"class_list":["post-9768","post","type-post","status-publish","format-standard","hentry","category-hirondellenews"],"acf":[],"yoast_head":"<!-- This site is optimized with the Yoast SEO Premium plugin v25.3.1 (Yoast SEO v25.3.1) - https:\/\/yoast.com\/wordpress\/plugins\/seo\/ -->\n<title>23.09.08 - RWANDA\/FRANCE - PIERRE PEAN COMPARAIT EN FRANCE POUR DIFFAMATION RACIALE - JusticeInfo.net<\/title>\n<meta name=\"robots\" content=\"index, follow, max-snippet:-1, max-image-preview:large, max-video-preview:-1\" \/>\n<link rel=\"canonical\" href=\"https:\/\/www.justiceinfo.net\/fr\/9768-230908-rwandafrance-pierre-pean-comparait-en-france-pour-diffamation-raciale6574.html\" \/>\n<meta property=\"og:locale\" content=\"fr_FR\" \/>\n<meta property=\"og:type\" content=\"article\" \/>\n<meta property=\"og:title\" content=\"23.09.08 - RWANDA\/FRANCE - PIERRE PEAN COMPARAIT EN FRANCE POUR DIFFAMATION RACIALE\" \/>\n<meta property=\"og:description\" content=\"PARIS, 23 septembre 2008 (FH) - L&#039;&eacute;crivain Pierre P&eacute;an, 70 ans, compara&icirc;t de mardi &agrave; jeudi devant le tribunal correctionnel de Paris pour diffamation raciale et provocation &agrave; la haine raciale &agrave; la suite de la publication, en novembre 2005 de son ouvrage, &quot;Noires fureurs, blancs menteurs&quot;, sur le g&eacute;nocide des Tutsis du Rwanda.\" \/>\n<meta property=\"og:url\" content=\"https:\/\/www.justiceinfo.net\/fr\/9768-230908-rwandafrance-pierre-pean-comparait-en-france-pour-diffamation-raciale6574.html\" \/>\n<meta property=\"og:site_name\" content=\"JusticeInfo.net\" \/>\n<meta property=\"article:publisher\" content=\"https:\/\/www.facebook.com\/JusticeInfo\/\" \/>\n<meta property=\"article:published_time\" content=\"2008-09-22T22:00:00+00:00\" \/>\n<meta property=\"og:image\" content=\"https:\/\/www.justiceinfo.net\/wp-content\/uploads\/JusticeInfoNet_logo_1200x630px.jpg\" \/>\n\t<meta property=\"og:image:width\" content=\"1200\" \/>\n\t<meta property=\"og:image:height\" content=\"630\" \/>\n\t<meta property=\"og:image:type\" content=\"image\/jpeg\" \/>\n<meta name=\"author\" content=\"solivri\" \/>\n<meta name=\"twitter:card\" content=\"summary_large_image\" \/>\n<meta name=\"twitter:creator\" content=\"@justiceinfonet\" \/>\n<meta name=\"twitter:site\" content=\"@justiceinfonet\" \/>\n<meta name=\"twitter:label1\" content=\"\u00c9crit par\" \/>\n\t<meta name=\"twitter:data1\" content=\"solivri\" \/>\n\t<meta name=\"twitter:label2\" content=\"Dur\u00e9e de lecture estim\u00e9e\" \/>\n\t<meta name=\"twitter:data2\" content=\"2 minutes\" \/>\n<script type=\"application\/ld+json\" class=\"yoast-schema-graph\">{\"@context\":\"https:\/\/schema.org\",\"@graph\":[{\"@type\":\"NewsArticle\",\"@id\":\"https:\/\/www.justiceinfo.net\/fr\/9768-230908-rwandafrance-pierre-pean-comparait-en-france-pour-diffamation-raciale6574.html#article\",\"isPartOf\":{\"@id\":\"https:\/\/www.justiceinfo.net\/fr\/9768-230908-rwandafrance-pierre-pean-comparait-en-france-pour-diffamation-raciale6574.html\"},\"author\":{\"name\":\"solivri\",\"@id\":\"https:\/\/www.justiceinfo.net\/fr#\/schema\/person\/6e53cba1629e2e66f3fc1821d3091865\"},\"headline\":\"23.09.08 - RWANDA\/FRANCE - PIERRE PEAN COMPARAIT EN FRANCE POUR DIFFAMATION RACIALE\",\"datePublished\":\"2008-09-22T22:00:00+00:00\",\"mainEntityOfPage\":{\"@id\":\"https:\/\/www.justiceinfo.net\/fr\/9768-230908-rwandafrance-pierre-pean-comparait-en-france-pour-diffamation-raciale6574.html\"},\"wordCount\":476,\"commentCount\":0,\"publisher\":{\"@id\":\"https:\/\/www.justiceinfo.net\/fr#organization\"},\"articleSection\":[\"Hirondelle News\"],\"inLanguage\":\"fr-FR\",\"potentialAction\":[{\"@type\":\"CommentAction\",\"name\":\"Comment\",\"target\":[\"https:\/\/www.justiceinfo.net\/fr\/9768-230908-rwandafrance-pierre-pean-comparait-en-france-pour-diffamation-raciale6574.html#respond\"]}]},{\"@type\":\"WebPage\",\"@id\":\"https:\/\/www.justiceinfo.net\/fr\/9768-230908-rwandafrance-pierre-pean-comparait-en-france-pour-diffamation-raciale6574.html\",\"url\":\"https:\/\/www.justiceinfo.net\/fr\/9768-230908-rwandafrance-pierre-pean-comparait-en-france-pour-diffamation-raciale6574.html\",\"name\":\"23.09.08 - RWANDA\/FRANCE - PIERRE PEAN COMPARAIT EN FRANCE POUR DIFFAMATION RACIALE - JusticeInfo.net\",\"isPartOf\":{\"@id\":\"https:\/\/www.justiceinfo.net\/fr#website\"},\"datePublished\":\"2008-09-22T22:00:00+00:00\",\"breadcrumb\":{\"@id\":\"https:\/\/www.justiceinfo.net\/fr\/9768-230908-rwandafrance-pierre-pean-comparait-en-france-pour-diffamation-raciale6574.html#breadcrumb\"},\"inLanguage\":\"fr-FR\",\"potentialAction\":[{\"@type\":\"ReadAction\",\"target\":[\"https:\/\/www.justiceinfo.net\/fr\/9768-230908-rwandafrance-pierre-pean-comparait-en-france-pour-diffamation-raciale6574.html\"]}]},{\"@type\":\"BreadcrumbList\",\"@id\":\"https:\/\/www.justiceinfo.net\/fr\/9768-230908-rwandafrance-pierre-pean-comparait-en-france-pour-diffamation-raciale6574.html#breadcrumb\",\"itemListElement\":[{\"@type\":\"ListItem\",\"position\":1,\"name\":\"Home\",\"item\":\"https:\/\/www.justiceinfo.net\/fr\"},{\"@type\":\"ListItem\",\"position\":2,\"name\":\"23.09.08 - RWANDA\/FRANCE - PIERRE PEAN COMPARAIT EN FRANCE POUR DIFFAMATION RACIALE\"}]},{\"@type\":\"WebSite\",\"@id\":\"https:\/\/www.justiceinfo.net\/fr#website\",\"url\":\"https:\/\/www.justiceinfo.net\/fr\",\"name\":\"JusticeInfo.net\",\"description\":\"La justice doit \u00eatre vue pour \u00eatre rendue\",\"publisher\":{\"@id\":\"https:\/\/www.justiceinfo.net\/fr#organization\"},\"potentialAction\":[{\"@type\":\"SearchAction\",\"target\":{\"@type\":\"EntryPoint\",\"urlTemplate\":\"https:\/\/www.justiceinfo.net\/fr?s={search_term_string}\"},\"query-input\":{\"@type\":\"PropertyValueSpecification\",\"valueRequired\":true,\"valueName\":\"search_term_string\"}}],\"inLanguage\":\"fr-FR\"},{\"@type\":\"Organization\",\"@id\":\"https:\/\/www.justiceinfo.net\/fr#organization\",\"name\":\"Justice Info\",\"url\":\"https:\/\/www.justiceinfo.net\/fr\",\"logo\":{\"@type\":\"ImageObject\",\"inLanguage\":\"fr-FR\",\"@id\":\"https:\/\/www.justiceinfo.net\/fr#\/schema\/logo\/image\/\",\"url\":\"https:\/\/www.justiceinfo.net\/wp-content\/uploads\/justiceinfo_logo-trans_1200x1200px.png\",\"contentUrl\":\"https:\/\/www.justiceinfo.net\/wp-content\/uploads\/justiceinfo_logo-trans_1200x1200px.png\",\"width\":1199,\"height\":1200,\"caption\":\"Justice Info\"},\"image\":{\"@id\":\"https:\/\/www.justiceinfo.net\/fr#\/schema\/logo\/image\/\"},\"sameAs\":[\"https:\/\/www.facebook.com\/JusticeInfo\/\",\"https:\/\/x.com\/justiceinfonet\",\"https:\/\/www.linkedin.com\/company\/justice-info\",\"https:\/\/www.youtube.com\/channel\/UCyCEsARodyuWtkWyhn-e7pA\"]},{\"@type\":\"Person\",\"name\":\"solivri\",\"url\":\"\/fr\/?s=solivri\"}]}<\/script>\n<!-- \/ Yoast SEO Premium plugin. -->","yoast_head_json":{"title":"23.09.08 - RWANDA\/FRANCE - PIERRE PEAN COMPARAIT EN FRANCE POUR DIFFAMATION RACIALE - JusticeInfo.net","robots":{"index":"index","follow":"follow","max-snippet":"max-snippet:-1","max-image-preview":"max-image-preview:large","max-video-preview":"max-video-preview:-1"},"canonical":"https:\/\/www.justiceinfo.net\/fr\/9768-230908-rwandafrance-pierre-pean-comparait-en-france-pour-diffamation-raciale6574.html","og_locale":"fr_FR","og_type":"article","og_title":"23.09.08 - RWANDA\/FRANCE - PIERRE PEAN COMPARAIT EN FRANCE POUR DIFFAMATION RACIALE","og_description":"PARIS, 23 septembre 2008 (FH) - L'&eacute;crivain Pierre P&eacute;an, 70 ans, compara&icirc;t de mardi &agrave; jeudi devant le tribunal correctionnel de Paris pour diffamation raciale et provocation &agrave; la haine raciale &agrave; la suite de la publication, en novembre 2005 de son ouvrage, &quot;Noires fureurs, blancs menteurs&quot;, sur le g&eacute;nocide des Tutsis du Rwanda.","og_url":"https:\/\/www.justiceinfo.net\/fr\/9768-230908-rwandafrance-pierre-pean-comparait-en-france-pour-diffamation-raciale6574.html","og_site_name":"JusticeInfo.net","article_publisher":"https:\/\/www.facebook.com\/JusticeInfo\/","article_published_time":"2008-09-22T22:00:00+00:00","og_image":[{"width":1200,"height":630,"url":"https:\/\/www.justiceinfo.net\/wp-content\/uploads\/JusticeInfoNet_logo_1200x630px.jpg","type":"image\/jpeg"}],"author":"solivri","twitter_card":"summary_large_image","twitter_creator":"@justiceinfonet","twitter_site":"@justiceinfonet","twitter_misc":{"\u00c9crit par":"solivri","Dur\u00e9e de lecture estim\u00e9e":"2 minutes"},"schema":{"@context":"https:\/\/schema.org","@graph":[{"@type":"NewsArticle","@id":"https:\/\/www.justiceinfo.net\/fr\/9768-230908-rwandafrance-pierre-pean-comparait-en-france-pour-diffamation-raciale6574.html#article","isPartOf":{"@id":"https:\/\/www.justiceinfo.net\/fr\/9768-230908-rwandafrance-pierre-pean-comparait-en-france-pour-diffamation-raciale6574.html"},"author":{"name":"solivri","@id":"https:\/\/www.justiceinfo.net\/fr#\/schema\/person\/6e53cba1629e2e66f3fc1821d3091865"},"headline":"23.09.08 - RWANDA\/FRANCE - PIERRE PEAN COMPARAIT EN FRANCE POUR DIFFAMATION RACIALE","datePublished":"2008-09-22T22:00:00+00:00","mainEntityOfPage":{"@id":"https:\/\/www.justiceinfo.net\/fr\/9768-230908-rwandafrance-pierre-pean-comparait-en-france-pour-diffamation-raciale6574.html"},"wordCount":476,"commentCount":0,"publisher":{"@id":"https:\/\/www.justiceinfo.net\/fr#organization"},"articleSection":["Hirondelle News"],"inLanguage":"fr-FR","potentialAction":[{"@type":"CommentAction","name":"Comment","target":["https:\/\/www.justiceinfo.net\/fr\/9768-230908-rwandafrance-pierre-pean-comparait-en-france-pour-diffamation-raciale6574.html#respond"]}]},{"@type":"WebPage","@id":"https:\/\/www.justiceinfo.net\/fr\/9768-230908-rwandafrance-pierre-pean-comparait-en-france-pour-diffamation-raciale6574.html","url":"https:\/\/www.justiceinfo.net\/fr\/9768-230908-rwandafrance-pierre-pean-comparait-en-france-pour-diffamation-raciale6574.html","name":"23.09.08 - RWANDA\/FRANCE - PIERRE PEAN COMPARAIT EN FRANCE POUR DIFFAMATION RACIALE - JusticeInfo.net","isPartOf":{"@id":"https:\/\/www.justiceinfo.net\/fr#website"},"datePublished":"2008-09-22T22:00:00+00:00","breadcrumb":{"@id":"https:\/\/www.justiceinfo.net\/fr\/9768-230908-rwandafrance-pierre-pean-comparait-en-france-pour-diffamation-raciale6574.html#breadcrumb"},"inLanguage":"fr-FR","potentialAction":[{"@type":"ReadAction","target":["https:\/\/www.justiceinfo.net\/fr\/9768-230908-rwandafrance-pierre-pean-comparait-en-france-pour-diffamation-raciale6574.html"]}]},{"@type":"BreadcrumbList","@id":"https:\/\/www.justiceinfo.net\/fr\/9768-230908-rwandafrance-pierre-pean-comparait-en-france-pour-diffamation-raciale6574.html#breadcrumb","itemListElement":[{"@type":"ListItem","position":1,"name":"Home","item":"https:\/\/www.justiceinfo.net\/fr"},{"@type":"ListItem","position":2,"name":"23.09.08 - RWANDA\/FRANCE - PIERRE PEAN COMPARAIT EN FRANCE POUR DIFFAMATION RACIALE"}]},{"@type":"WebSite","@id":"https:\/\/www.justiceinfo.net\/fr#website","url":"https:\/\/www.justiceinfo.net\/fr","name":"JusticeInfo.net","description":"La justice doit \u00eatre vue pour \u00eatre rendue","publisher":{"@id":"https:\/\/www.justiceinfo.net\/fr#organization"},"potentialAction":[{"@type":"SearchAction","target":{"@type":"EntryPoint","urlTemplate":"https:\/\/www.justiceinfo.net\/fr?s={search_term_string}"},"query-input":{"@type":"PropertyValueSpecification","valueRequired":true,"valueName":"search_term_string"}}],"inLanguage":"fr-FR"},{"@type":"Organization","@id":"https:\/\/www.justiceinfo.net\/fr#organization","name":"Justice Info","url":"https:\/\/www.justiceinfo.net\/fr","logo":{"@type":"ImageObject","inLanguage":"fr-FR","@id":"https:\/\/www.justiceinfo.net\/fr#\/schema\/logo\/image\/","url":"https:\/\/www.justiceinfo.net\/wp-content\/uploads\/justiceinfo_logo-trans_1200x1200px.png","contentUrl":"https:\/\/www.justiceinfo.net\/wp-content\/uploads\/justiceinfo_logo-trans_1200x1200px.png","width":1199,"height":1200,"caption":"Justice Info"},"image":{"@id":"https:\/\/www.justiceinfo.net\/fr#\/schema\/logo\/image\/"},"sameAs":["https:\/\/www.facebook.com\/JusticeInfo\/","https:\/\/x.com\/justiceinfonet","https:\/\/www.linkedin.com\/company\/justice-info","https:\/\/www.youtube.com\/channel\/UCyCEsARodyuWtkWyhn-e7pA"]},{"@type":"Person","name":"solivri","url":"\/fr\/?s=solivri"}]}},"_links":{"self":[{"href":"https:\/\/www.justiceinfo.net\/fr\/wp-json\/wp\/v2\/posts\/9768","targetHints":{"allow":["GET"]}}],"collection":[{"href":"https:\/\/www.justiceinfo.net\/fr\/wp-json\/wp\/v2\/posts"}],"about":[{"href":"https:\/\/www.justiceinfo.net\/fr\/wp-json\/wp\/v2\/types\/post"}],"author":[{"embeddable":true,"href":"https:\/\/www.justiceinfo.net\/fr\/wp-json\/wp\/v2\/users\/64"}],"replies":[{"embeddable":true,"href":"https:\/\/www.justiceinfo.net\/fr\/wp-json\/wp\/v2\/comments?post=9768"}],"version-history":[{"count":0,"href":"https:\/\/www.justiceinfo.net\/fr\/wp-json\/wp\/v2\/posts\/9768\/revisions"}],"wp:attachment":[{"href":"https:\/\/www.justiceinfo.net\/fr\/wp-json\/wp\/v2\/media?parent=9768"}],"wp:term":[{"taxonomy":"category","embeddable":true,"href":"https:\/\/www.justiceinfo.net\/fr\/wp-json\/wp\/v2\/categories?post=9768"},{"taxonomy":"post_tag","embeddable":true,"href":"https:\/\/www.justiceinfo.net\/fr\/wp-json\/wp\/v2\/tags?post=9768"},{"taxonomy":"ji_location","embeddable":true,"href":"https:\/\/www.justiceinfo.net\/fr\/wp-json\/wp\/v2\/ji_location?post=9768"}],"curies":[{"name":"wp","href":"https:\/\/api.w.org\/{rel}","templated":true}]}}