{"id":9777,"date":"2008-09-24T00:00:00","date_gmt":"2008-09-23T22:00:00","guid":{"rendered":"https:\/\/www.justiceinfo.net\/9777-240908-tpirnshamihigo-un-ex-magistrat-rwandais-condamne-a-la-prison-a-vie6583.html"},"modified":"2008-09-24T00:00:00","modified_gmt":"2008-09-23T22:00:00","slug":"240908-tpirnshamihigo-un-ex-magistrat-rwandais-condamne-a-la-prison-a-vie6583","status":"publish","type":"post","link":"https:\/\/www.justiceinfo.net\/fr\/9777-240908-tpirnshamihigo-un-ex-magistrat-rwandais-condamne-a-la-prison-a-vie6583.html","title":{"rendered":"24.09.08 - TPIR\/NSHAMIHIGO - UN EX-MAGISTRAT RWANDAIS CONDAMNE A LA PRISON A VIE"},"content":{"rendered":"<p>Arusha, 24 septembre 2008 (FH) - Sim&eacute;on Nshamihigo, un ancien magistrat rwandais, a &eacute;t&eacute; condamn&eacute; mercredi &agrave; la prison &agrave; vie par le Tribunal p&eacute;nal international pour le Rwanda (TPIR) apr&egrave;s avoir &eacute;t&eacute; reconnu coupable de participation au g&eacute;nocide de 1994, a constat&eacute; l'agence Hirondelle.<br \/>\n<!--more--><\/p>\n<p>\nNshamihigo, un p&egrave;re de famille de 48 ans, &eacute;tait substitut du procureur &agrave; Cyangugu, dans le sud-ouest du Rwanda, pendant le g&eacute;nocide de 1994. <\/p>\n<p>&laquo; La chambre condamne Sim&eacute;on Nshamihigo &agrave; l'emprisonnement &agrave; vie &raquo;, a d&eacute;clar&eacute; le juge Dennis Byron, en bouclant la lecture du r&eacute;sum&eacute; du jugement. Byron et ses deux coll&egrave;gues de la chambre l'ont, &agrave; l'unanimit&eacute;, reconnu coupable de tous les chefs d'accusation qui &eacute;taient port&eacute;s contre lui : g&eacute;nocide, extermination, assassinats et autres actes inhumains. Ils ont conclu qu'il avait incit&eacute;, aid&eacute; et encourag&eacute; des massacres de Tutsis en diff&eacute;rents endroits de la pr&eacute;fecture de Cyangugu en 1994. <\/p>\n<p>Au nombre des circonstances aggravantes, la chambre a retenu le poste de confiance de Nshamihigo, &laquo; le z&egrave;le dans la perp&eacute;tration des crimes &raquo;, le grand nombre des victimes, &laquo; sa cruaut&eacute; et son m&eacute;pris de la dignit&eacute; humaine &raquo;. En revanche, aucune circonstance att&eacute;nuante n'a &eacute;t&eacute; prise en consid&eacute;ration. <\/p>\n<p>L'ancien substitut du procureur est rest&eacute; de marbre pendant la lecture du jugement, ne trahissant aucun signe d'&eacute;motion. <\/p>\n<p>Interrog&eacute; par l'agence Hirondelle &agrave; la sortie de l'audience, l'avocat principal de Nshamihigo, Me Denis Turcotte, a indiqu&eacute; qu'il allait faire appel. <\/p>\n<p>Nshamihigo a &eacute;t&eacute; arr&ecirc;t&eacute; en mai 2001 au si&egrave;ge du TPIR &agrave; Arusha, en Tanzanie, alors qu'il travaillait, sous une fausse identit&eacute;, comme enqu&ecirc;teur de la d&eacute;fense pour le lieutenant Samuel Imanishimwe, condamn&eacute; &agrave; 12 ans de prison. Il &eacute;tait alors d&eacute;tenteur d'un passeport congolais au nom de Sammy Bahati Weza. <\/p>\n<p>L'ex-magistrat a &eacute;t&eacute; appr&eacute;hend&eacute; apr&egrave;s avoir &eacute;t&eacute; reconnu par un t&eacute;moin au TPIR alors que le gouvernement rwandais accusait ce tribunal d'employer, surtout dans les rangs de la d&eacute;fense, des g&eacute;nocidaires pr&eacute;sum&eacute;s. <\/p>\n<p>Les enqu&ecirc;teurs de la d&eacute;fense au TPIR, m&ecirc;me s'ils n'ont pas le statut de fonctionnaire des Nations unies, sont pay&eacute;s par le tribunal, dans le cadre de l'assistance judiciaire aux accus&eacute;s jusqu'&agrave; pr&eacute;sent consid&eacute;r&eacute;s tous comme des indigents. <\/p>\n<p>Un autre ex- enqu&ecirc;teur de la d&eacute;fense, Joseph Nzabirinda, a &eacute;t&eacute; inculp&eacute; par le TPIR. Apr&egrave;s avoir choisi la voie du plaidoyer de culpabilit&eacute;, il a &eacute;t&eacute; condamn&eacute; &agrave; 7 ans de prison en f&eacute;vrier 2007 et devrait recouvrer sa libert&eacute; en d&eacute;cembre prochain apr&egrave;s avoir purg&eacute; sa peine. <\/p>\n<p>Ce nouveau jugement porte &agrave; 31 le nombre de personnes condamn&eacute;es &agrave; ce jour par le TPIR qui a, en outre, prononc&eacute; 5 acquittements. <\/p>\n<p>Un des condamn&eacute;s, le lieutenant- colonel Tharcisse Muvunyi, a vu son jugement annul&eacute; le mois dernier par la Chambre d'appel qui a n&eacute;anmoins ordonn&eacute; un nouveau proc&egrave;s partiel. <\/p>\n<p>ER\/GF <\/p>\n<p>&copy; Agence Hirondelle<\/p>\n","protected":false},"excerpt":{"rendered":"<p>Arusha, 24 septembre 2008 (FH) - Sim&eacute;on Nshamihigo, un ancien magistrat rwandais, a &eacute;t&eacute; condamn&eacute; mercredi &agrave; la prison &agrave; vie par le Tribunal p&eacute;nal international pour le Rwanda (TPIR) apr&egrave;s avoir &eacute;t&eacute; reconnu coupable de participation au g&eacute;nocide de 1994, a constat&eacute; l'agence Hirondelle.<\/p>\n","protected":false},"author":64,"featured_media":0,"comment_status":"open","ping_status":"closed","sticky":false,"template":"","format":"standard","meta":{"_acf_changed":false,"footnotes":""},"categories":[554],"tags":[],"ji_location":[],"class_list":["post-9777","post","type-post","status-publish","format-standard","hentry","category-hirondellenews"],"acf":[],"yoast_head":"<!-- This site is optimized with the Yoast SEO Premium plugin v25.3.1 (Yoast SEO v25.3.1) - https:\/\/yoast.com\/wordpress\/plugins\/seo\/ -->\n<title>24.09.08 - TPIR\/NSHAMIHIGO - UN EX-MAGISTRAT RWANDAIS CONDAMNE A LA PRISON A VIE - JusticeInfo.net<\/title>\n<meta name=\"robots\" content=\"index, follow, max-snippet:-1, max-image-preview:large, max-video-preview:-1\" \/>\n<link rel=\"canonical\" href=\"https:\/\/www.justiceinfo.net\/fr\/9777-240908-tpirnshamihigo-un-ex-magistrat-rwandais-condamne-a-la-prison-a-vie6583.html\" \/>\n<meta property=\"og:locale\" content=\"fr_FR\" \/>\n<meta property=\"og:type\" content=\"article\" \/>\n<meta property=\"og:title\" content=\"24.09.08 - TPIR\/NSHAMIHIGO - UN EX-MAGISTRAT RWANDAIS CONDAMNE A LA PRISON A VIE\" \/>\n<meta property=\"og:description\" content=\"Arusha, 24 septembre 2008 (FH) - Sim&eacute;on Nshamihigo, un ancien magistrat rwandais, a &eacute;t&eacute; condamn&eacute; mercredi &agrave; la prison &agrave; vie par le Tribunal p&eacute;nal international pour le Rwanda (TPIR) apr&egrave;s avoir &eacute;t&eacute; reconnu coupable de participation au g&eacute;nocide de 1994, a constat&eacute; l&#039;agence Hirondelle.\" \/>\n<meta property=\"og:url\" content=\"https:\/\/www.justiceinfo.net\/fr\/9777-240908-tpirnshamihigo-un-ex-magistrat-rwandais-condamne-a-la-prison-a-vie6583.html\" \/>\n<meta property=\"og:site_name\" content=\"JusticeInfo.net\" \/>\n<meta property=\"article:publisher\" content=\"https:\/\/www.facebook.com\/JusticeInfo\/\" \/>\n<meta property=\"article:published_time\" content=\"2008-09-23T22:00:00+00:00\" \/>\n<meta property=\"og:image\" content=\"https:\/\/www.justiceinfo.net\/wp-content\/uploads\/JusticeInfoNet_logo_1200x630px.jpg\" \/>\n\t<meta property=\"og:image:width\" content=\"1200\" \/>\n\t<meta property=\"og:image:height\" content=\"630\" \/>\n\t<meta property=\"og:image:type\" content=\"image\/jpeg\" \/>\n<meta name=\"author\" content=\"solivri\" \/>\n<meta name=\"twitter:card\" content=\"summary_large_image\" \/>\n<meta name=\"twitter:creator\" content=\"@justiceinfonet\" \/>\n<meta name=\"twitter:site\" content=\"@justiceinfonet\" \/>\n<meta name=\"twitter:label1\" content=\"\u00c9crit par\" \/>\n\t<meta name=\"twitter:data1\" content=\"solivri\" \/>\n\t<meta name=\"twitter:label2\" content=\"Dur\u00e9e de lecture estim\u00e9e\" \/>\n\t<meta name=\"twitter:data2\" content=\"3 minutes\" \/>\n<script type=\"application\/ld+json\" class=\"yoast-schema-graph\">{\"@context\":\"https:\/\/schema.org\",\"@graph\":[{\"@type\":\"NewsArticle\",\"@id\":\"https:\/\/www.justiceinfo.net\/fr\/9777-240908-tpirnshamihigo-un-ex-magistrat-rwandais-condamne-a-la-prison-a-vie6583.html#article\",\"isPartOf\":{\"@id\":\"https:\/\/www.justiceinfo.net\/fr\/9777-240908-tpirnshamihigo-un-ex-magistrat-rwandais-condamne-a-la-prison-a-vie6583.html\"},\"author\":{\"name\":\"solivri\",\"@id\":\"https:\/\/www.justiceinfo.net\/fr#\/schema\/person\/6e53cba1629e2e66f3fc1821d3091865\"},\"headline\":\"24.09.08 - TPIR\/NSHAMIHIGO - UN EX-MAGISTRAT RWANDAIS CONDAMNE A LA PRISON A VIE\",\"datePublished\":\"2008-09-23T22:00:00+00:00\",\"mainEntityOfPage\":{\"@id\":\"https:\/\/www.justiceinfo.net\/fr\/9777-240908-tpirnshamihigo-un-ex-magistrat-rwandais-condamne-a-la-prison-a-vie6583.html\"},\"wordCount\":630,\"commentCount\":0,\"publisher\":{\"@id\":\"https:\/\/www.justiceinfo.net\/fr#organization\"},\"articleSection\":[\"Hirondelle News\"],\"inLanguage\":\"fr-FR\",\"potentialAction\":[{\"@type\":\"CommentAction\",\"name\":\"Comment\",\"target\":[\"https:\/\/www.justiceinfo.net\/fr\/9777-240908-tpirnshamihigo-un-ex-magistrat-rwandais-condamne-a-la-prison-a-vie6583.html#respond\"]}]},{\"@type\":\"WebPage\",\"@id\":\"https:\/\/www.justiceinfo.net\/fr\/9777-240908-tpirnshamihigo-un-ex-magistrat-rwandais-condamne-a-la-prison-a-vie6583.html\",\"url\":\"https:\/\/www.justiceinfo.net\/fr\/9777-240908-tpirnshamihigo-un-ex-magistrat-rwandais-condamne-a-la-prison-a-vie6583.html\",\"name\":\"24.09.08 - TPIR\/NSHAMIHIGO - UN EX-MAGISTRAT RWANDAIS CONDAMNE A LA PRISON A VIE - JusticeInfo.net\",\"isPartOf\":{\"@id\":\"https:\/\/www.justiceinfo.net\/fr#website\"},\"datePublished\":\"2008-09-23T22:00:00+00:00\",\"breadcrumb\":{\"@id\":\"https:\/\/www.justiceinfo.net\/fr\/9777-240908-tpirnshamihigo-un-ex-magistrat-rwandais-condamne-a-la-prison-a-vie6583.html#breadcrumb\"},\"inLanguage\":\"fr-FR\",\"potentialAction\":[{\"@type\":\"ReadAction\",\"target\":[\"https:\/\/www.justiceinfo.net\/fr\/9777-240908-tpirnshamihigo-un-ex-magistrat-rwandais-condamne-a-la-prison-a-vie6583.html\"]}]},{\"@type\":\"BreadcrumbList\",\"@id\":\"https:\/\/www.justiceinfo.net\/fr\/9777-240908-tpirnshamihigo-un-ex-magistrat-rwandais-condamne-a-la-prison-a-vie6583.html#breadcrumb\",\"itemListElement\":[{\"@type\":\"ListItem\",\"position\":1,\"name\":\"Home\",\"item\":\"https:\/\/www.justiceinfo.net\/fr\"},{\"@type\":\"ListItem\",\"position\":2,\"name\":\"24.09.08 - TPIR\/NSHAMIHIGO - UN EX-MAGISTRAT RWANDAIS CONDAMNE A LA PRISON A VIE\"}]},{\"@type\":\"WebSite\",\"@id\":\"https:\/\/www.justiceinfo.net\/fr#website\",\"url\":\"https:\/\/www.justiceinfo.net\/fr\",\"name\":\"JusticeInfo.net\",\"description\":\"La justice doit \u00eatre vue pour \u00eatre rendue\",\"publisher\":{\"@id\":\"https:\/\/www.justiceinfo.net\/fr#organization\"},\"potentialAction\":[{\"@type\":\"SearchAction\",\"target\":{\"@type\":\"EntryPoint\",\"urlTemplate\":\"https:\/\/www.justiceinfo.net\/fr?s={search_term_string}\"},\"query-input\":{\"@type\":\"PropertyValueSpecification\",\"valueRequired\":true,\"valueName\":\"search_term_string\"}}],\"inLanguage\":\"fr-FR\"},{\"@type\":\"Organization\",\"@id\":\"https:\/\/www.justiceinfo.net\/fr#organization\",\"name\":\"Justice Info\",\"url\":\"https:\/\/www.justiceinfo.net\/fr\",\"logo\":{\"@type\":\"ImageObject\",\"inLanguage\":\"fr-FR\",\"@id\":\"https:\/\/www.justiceinfo.net\/fr#\/schema\/logo\/image\/\",\"url\":\"https:\/\/www.justiceinfo.net\/wp-content\/uploads\/justiceinfo_logo-trans_1200x1200px.png\",\"contentUrl\":\"https:\/\/www.justiceinfo.net\/wp-content\/uploads\/justiceinfo_logo-trans_1200x1200px.png\",\"width\":1199,\"height\":1200,\"caption\":\"Justice Info\"},\"image\":{\"@id\":\"https:\/\/www.justiceinfo.net\/fr#\/schema\/logo\/image\/\"},\"sameAs\":[\"https:\/\/www.facebook.com\/JusticeInfo\/\",\"https:\/\/x.com\/justiceinfonet\",\"https:\/\/www.linkedin.com\/company\/justice-info\",\"https:\/\/www.youtube.com\/channel\/UCyCEsARodyuWtkWyhn-e7pA\"]},{\"@type\":\"Person\",\"name\":\"solivri\",\"url\":\"\/fr\/?s=solivri\"}]}<\/script>\n<!-- \/ Yoast SEO Premium plugin. -->","yoast_head_json":{"title":"24.09.08 - TPIR\/NSHAMIHIGO - UN EX-MAGISTRAT RWANDAIS CONDAMNE A LA PRISON A VIE - JusticeInfo.net","robots":{"index":"index","follow":"follow","max-snippet":"max-snippet:-1","max-image-preview":"max-image-preview:large","max-video-preview":"max-video-preview:-1"},"canonical":"https:\/\/www.justiceinfo.net\/fr\/9777-240908-tpirnshamihigo-un-ex-magistrat-rwandais-condamne-a-la-prison-a-vie6583.html","og_locale":"fr_FR","og_type":"article","og_title":"24.09.08 - TPIR\/NSHAMIHIGO - UN EX-MAGISTRAT RWANDAIS CONDAMNE A LA PRISON A VIE","og_description":"Arusha, 24 septembre 2008 (FH) - Sim&eacute;on Nshamihigo, un ancien magistrat rwandais, a &eacute;t&eacute; condamn&eacute; mercredi &agrave; la prison &agrave; vie par le Tribunal p&eacute;nal international pour le Rwanda (TPIR) apr&egrave;s avoir &eacute;t&eacute; reconnu coupable de participation au g&eacute;nocide de 1994, a constat&eacute; l'agence Hirondelle.","og_url":"https:\/\/www.justiceinfo.net\/fr\/9777-240908-tpirnshamihigo-un-ex-magistrat-rwandais-condamne-a-la-prison-a-vie6583.html","og_site_name":"JusticeInfo.net","article_publisher":"https:\/\/www.facebook.com\/JusticeInfo\/","article_published_time":"2008-09-23T22:00:00+00:00","og_image":[{"width":1200,"height":630,"url":"https:\/\/www.justiceinfo.net\/wp-content\/uploads\/JusticeInfoNet_logo_1200x630px.jpg","type":"image\/jpeg"}],"author":"solivri","twitter_card":"summary_large_image","twitter_creator":"@justiceinfonet","twitter_site":"@justiceinfonet","twitter_misc":{"\u00c9crit par":"solivri","Dur\u00e9e de lecture estim\u00e9e":"3 minutes"},"schema":{"@context":"https:\/\/schema.org","@graph":[{"@type":"NewsArticle","@id":"https:\/\/www.justiceinfo.net\/fr\/9777-240908-tpirnshamihigo-un-ex-magistrat-rwandais-condamne-a-la-prison-a-vie6583.html#article","isPartOf":{"@id":"https:\/\/www.justiceinfo.net\/fr\/9777-240908-tpirnshamihigo-un-ex-magistrat-rwandais-condamne-a-la-prison-a-vie6583.html"},"author":{"name":"solivri","@id":"https:\/\/www.justiceinfo.net\/fr#\/schema\/person\/6e53cba1629e2e66f3fc1821d3091865"},"headline":"24.09.08 - TPIR\/NSHAMIHIGO - UN EX-MAGISTRAT RWANDAIS CONDAMNE A LA PRISON A VIE","datePublished":"2008-09-23T22:00:00+00:00","mainEntityOfPage":{"@id":"https:\/\/www.justiceinfo.net\/fr\/9777-240908-tpirnshamihigo-un-ex-magistrat-rwandais-condamne-a-la-prison-a-vie6583.html"},"wordCount":630,"commentCount":0,"publisher":{"@id":"https:\/\/www.justiceinfo.net\/fr#organization"},"articleSection":["Hirondelle News"],"inLanguage":"fr-FR","potentialAction":[{"@type":"CommentAction","name":"Comment","target":["https:\/\/www.justiceinfo.net\/fr\/9777-240908-tpirnshamihigo-un-ex-magistrat-rwandais-condamne-a-la-prison-a-vie6583.html#respond"]}]},{"@type":"WebPage","@id":"https:\/\/www.justiceinfo.net\/fr\/9777-240908-tpirnshamihigo-un-ex-magistrat-rwandais-condamne-a-la-prison-a-vie6583.html","url":"https:\/\/www.justiceinfo.net\/fr\/9777-240908-tpirnshamihigo-un-ex-magistrat-rwandais-condamne-a-la-prison-a-vie6583.html","name":"24.09.08 - TPIR\/NSHAMIHIGO - UN EX-MAGISTRAT RWANDAIS CONDAMNE A LA PRISON A VIE - JusticeInfo.net","isPartOf":{"@id":"https:\/\/www.justiceinfo.net\/fr#website"},"datePublished":"2008-09-23T22:00:00+00:00","breadcrumb":{"@id":"https:\/\/www.justiceinfo.net\/fr\/9777-240908-tpirnshamihigo-un-ex-magistrat-rwandais-condamne-a-la-prison-a-vie6583.html#breadcrumb"},"inLanguage":"fr-FR","potentialAction":[{"@type":"ReadAction","target":["https:\/\/www.justiceinfo.net\/fr\/9777-240908-tpirnshamihigo-un-ex-magistrat-rwandais-condamne-a-la-prison-a-vie6583.html"]}]},{"@type":"BreadcrumbList","@id":"https:\/\/www.justiceinfo.net\/fr\/9777-240908-tpirnshamihigo-un-ex-magistrat-rwandais-condamne-a-la-prison-a-vie6583.html#breadcrumb","itemListElement":[{"@type":"ListItem","position":1,"name":"Home","item":"https:\/\/www.justiceinfo.net\/fr"},{"@type":"ListItem","position":2,"name":"24.09.08 - TPIR\/NSHAMIHIGO - UN EX-MAGISTRAT RWANDAIS CONDAMNE A LA PRISON A VIE"}]},{"@type":"WebSite","@id":"https:\/\/www.justiceinfo.net\/fr#website","url":"https:\/\/www.justiceinfo.net\/fr","name":"JusticeInfo.net","description":"La justice doit \u00eatre vue pour \u00eatre rendue","publisher":{"@id":"https:\/\/www.justiceinfo.net\/fr#organization"},"potentialAction":[{"@type":"SearchAction","target":{"@type":"EntryPoint","urlTemplate":"https:\/\/www.justiceinfo.net\/fr?s={search_term_string}"},"query-input":{"@type":"PropertyValueSpecification","valueRequired":true,"valueName":"search_term_string"}}],"inLanguage":"fr-FR"},{"@type":"Organization","@id":"https:\/\/www.justiceinfo.net\/fr#organization","name":"Justice Info","url":"https:\/\/www.justiceinfo.net\/fr","logo":{"@type":"ImageObject","inLanguage":"fr-FR","@id":"https:\/\/www.justiceinfo.net\/fr#\/schema\/logo\/image\/","url":"https:\/\/www.justiceinfo.net\/wp-content\/uploads\/justiceinfo_logo-trans_1200x1200px.png","contentUrl":"https:\/\/www.justiceinfo.net\/wp-content\/uploads\/justiceinfo_logo-trans_1200x1200px.png","width":1199,"height":1200,"caption":"Justice Info"},"image":{"@id":"https:\/\/www.justiceinfo.net\/fr#\/schema\/logo\/image\/"},"sameAs":["https:\/\/www.facebook.com\/JusticeInfo\/","https:\/\/x.com\/justiceinfonet","https:\/\/www.linkedin.com\/company\/justice-info","https:\/\/www.youtube.com\/channel\/UCyCEsARodyuWtkWyhn-e7pA"]},{"@type":"Person","name":"solivri","url":"\/fr\/?s=solivri"}]}},"_links":{"self":[{"href":"https:\/\/www.justiceinfo.net\/fr\/wp-json\/wp\/v2\/posts\/9777","targetHints":{"allow":["GET"]}}],"collection":[{"href":"https:\/\/www.justiceinfo.net\/fr\/wp-json\/wp\/v2\/posts"}],"about":[{"href":"https:\/\/www.justiceinfo.net\/fr\/wp-json\/wp\/v2\/types\/post"}],"author":[{"embeddable":true,"href":"https:\/\/www.justiceinfo.net\/fr\/wp-json\/wp\/v2\/users\/64"}],"replies":[{"embeddable":true,"href":"https:\/\/www.justiceinfo.net\/fr\/wp-json\/wp\/v2\/comments?post=9777"}],"version-history":[{"count":0,"href":"https:\/\/www.justiceinfo.net\/fr\/wp-json\/wp\/v2\/posts\/9777\/revisions"}],"wp:attachment":[{"href":"https:\/\/www.justiceinfo.net\/fr\/wp-json\/wp\/v2\/media?parent=9777"}],"wp:term":[{"taxonomy":"category","embeddable":true,"href":"https:\/\/www.justiceinfo.net\/fr\/wp-json\/wp\/v2\/categories?post=9777"},{"taxonomy":"post_tag","embeddable":true,"href":"https:\/\/www.justiceinfo.net\/fr\/wp-json\/wp\/v2\/tags?post=9777"},{"taxonomy":"ji_location","embeddable":true,"href":"https:\/\/www.justiceinfo.net\/fr\/wp-json\/wp\/v2\/ji_location?post=9777"}],"curies":[{"name":"wp","href":"https:\/\/api.w.org\/{rel}","templated":true}]}}