{"id":9799,"date":"2008-09-25T00:00:00","date_gmt":"2008-09-24T22:00:00","guid":{"rendered":"https:\/\/www.justiceinfo.net\/9799-250908-tpirmilitaires-ii-une-chambre-insatisfaite-de-l-lintegrite-r-du-procureur6605.html"},"modified":"2008-09-25T00:00:00","modified_gmt":"2008-09-24T22:00:00","slug":"250908-tpirmilitaires-ii-une-chambre-insatisfaite-de-l-lintegrite-r-du-procureur6605","status":"publish","type":"post","link":"https:\/\/www.justiceinfo.net\/fr\/9799-250908-tpirmilitaires-ii-une-chambre-insatisfaite-de-l-lintegrite-r-du-procureur6605.html","title":{"rendered":"25.09.08 - TPIR\/MILITAIRES II - UNE CHAMBRE INSATISFAITE DE \u00ab L'INTEGRITE \u00bb DU PROCUREUR"},"content":{"rendered":"<p>\nArusha, 25 septembre 2008 (FH) - Une chambre de premi&egrave;re instance du Tribunal p&eacute;nal international pour le Rwanda (TPIR) a vertement &laquo; r&eacute;primand&eacute; &raquo; le procureur de la juridiction, le Gambien Hassan Bubacar Jallow, lui reprochant de ne pas s'&eacute;lever au &laquo; niveau d'int&eacute;grit&eacute; &raquo; requis dans l'exercice des ses fonctions d'auxiliaire de la justice, a-t-on appris de source judiciaire jeudi.\n<\/p>\n<p><!--more--><\/p>\n<p>\n&laquo; La chambre donne une r&eacute;primande au procureur du TPIR pour d&eacute;faut de diligence dans la communication d'&eacute;l&eacute;ments pouvant disculper (les accus&eacute;s) dans cette affaire &raquo;, indique une d&eacute;cision &eacute;crite rendue lundi dans le proc&egrave;s commun&eacute;ment appel&eacute; &laquo; Militaires II &raquo;, et dont l'agence Hirondelle a obtenu copie jeudi. <\/p>\n<p>Elle &laquo; rappelle au procureur son devoir, en tant qu'auxiliaire de la justice, d'aider la chambre &agrave; d&eacute;couvrir la v&eacute;rit&eacute; concernant les all&eacute;gations dans l'acte d'accusation et &agrave; rendre justice &agrave; la communaut&eacute; internationale, aux victimes et aux accus&eacute;s &raquo;, poursuit le texte en anglais. <\/p>\n<p>&laquo; Le procureur doit toujours appliquer les plus hauts standards d'int&eacute;grit&eacute; et d'attention dans l'accomplissement de ses t&acirc;ches &raquo;, poursuit la chambre, en donnant instruction au greffe de remettre le texte de cette d&eacute;cision &agrave; M. Jallow, &laquo; en personne &raquo;. <\/p>\n<p>Les juges reprochent au procureur, cens&eacute; enqu&ecirc;ter &agrave; charge et &agrave; d&eacute;charge, de n'avoir pas communiqu&eacute; aux accus&eacute;s des documents en sa possession et qui pourtant pouvaient &ecirc;tre utiles &agrave; leur d&eacute;fense. <\/p>\n<p>&laquo; La chambre ordonne au procureur de communiquer imm&eacute;diatement &agrave; la d&eacute;fense&raquo; ces pi&egrave;ces qui comprennent, entre autres, la d&eacute;claration d'un t&eacute;moin sur les circonstances de l'assassinat du Premier ministre Agathe Uwilingiyimana et des 10 Casques bleus belges de la MINUAR, le 7 avril 1994, au premier jour du g&eacute;nocide. <\/p>\n<p>&laquo; Puisque l'essentiel de l'information semble contredire la d&eacute;position donn&eacute;e par le t&eacute;moin de l'accusation ALN, et d'autres t&eacute;moins &agrave; charge, (cette pi&egrave;ce) constitue un &eacute;l&eacute;ment qui aurait d&ucirc; &ecirc;tre communiqu&eacute; &raquo; &agrave; la d&eacute;fense, estiment les juges. <\/p>\n<p>Parmi ces documents, figurent &eacute;galement trois autres d&eacute;clarations de t&eacute;moins impliquant l'ancienne r&eacute;bellion du Front patriotique rwandais (FPR, aujourd'hui au pouvoir) dans les assassinats, toujours en date du 7 avril 1994, du ministre des affaires sociales Landoald Ndasingwa et du pr&eacute;sident de la Cour de cassation, Joseph Kavaruganda, des crimes par ailleurs imput&eacute;s &agrave; certains des accus&eacute;s. <\/p>\n<p>La d&eacute;cision fait suite aux requ&ecirc;tes plaid&eacute;es oralement par les &eacute;quipes de d&eacute;fense le 4 f&eacute;vrier dernier dans ce proc&egrave;s o&ugrave; sont poursuivis quatre officiers des anciennes Forces arm&eacute;es rwandaises (FAR) parmi lesquels les ex-chefs d'Etat-major de l'arm&eacute;e et de la gendarmerie, les g&eacute;n&eacute;raux Augustin Bizimungu et Augustin Ndindiliyimana. <\/p>\n<p>Les autres accus&eacute;s sont l'ancien commandant du bataillon de reconnaissance, le major Fran&ccedil;ois-Xavier Nzuwonemeye, et le capitaine Sagahutu qui commandait un escadron de cette unit&eacute; d'&eacute;lite de l'arm&eacute;e rwandaise de l'&eacute;poque. <\/p>\n<p>Cette d&eacute;cision aura pour cons&eacute;quence de prolonger les d&eacute;bats, dans cette affaire qui a d&eacute;but&eacute; sur le fond en septembre 2004. En effet, elle donne aux accus&eacute;s qui le souhaitent la possibilit&eacute; de rappeler &agrave; la barre des t&eacute;moins de l'accusation ou de citer eux - m&ecirc;mes de nouveaux t&eacute;moins, &agrave; la lumi&egrave;re des d&eacute;clarations qui viennent d'&ecirc;tre port&eacute;es &agrave; leur connaissance. <\/p>\n<p>NI \/ER\/GF <\/p>\n<p>&copy; Agence Hirondelle<\/p>\n","protected":false},"excerpt":{"rendered":"<p>Arusha, 25 septembre 2008 (FH) - Une chambre de premi&egrave;re instance du Tribunal p&eacute;nal international pour le Rwanda (TPIR) a vertement &laquo; r&eacute;primand&eacute; &raquo; le procureur de la juridiction, le Gambien Hassan Bubacar Jallow, lui reprochant de ne pas s'&eacute;lever au &laquo; niveau d'int&eacute;grit&eacute; &raquo; requis dans l'exercice des ses fonctions d'auxiliaire de la justice, [&hellip;]<\/p>\n","protected":false},"author":64,"featured_media":0,"comment_status":"open","ping_status":"closed","sticky":false,"template":"","format":"standard","meta":{"_acf_changed":false,"footnotes":""},"categories":[554],"tags":[],"ji_location":[],"class_list":["post-9799","post","type-post","status-publish","format-standard","hentry","category-hirondellenews"],"acf":[],"yoast_head":"<!-- This site is optimized with the Yoast SEO Premium plugin v25.3.1 (Yoast SEO v25.3.1) - https:\/\/yoast.com\/wordpress\/plugins\/seo\/ -->\n<title>25.09.08 - TPIR\/MILITAIRES II - UNE CHAMBRE INSATISFAITE DE \u00ab L&#039;INTEGRITE \u00bb DU PROCUREUR - JusticeInfo.net<\/title>\n<meta name=\"robots\" content=\"index, follow, max-snippet:-1, max-image-preview:large, max-video-preview:-1\" \/>\n<link rel=\"canonical\" href=\"https:\/\/www.justiceinfo.net\/fr\/9799-250908-tpirmilitaires-ii-une-chambre-insatisfaite-de-l-lintegrite-r-du-procureur6605.html\" \/>\n<meta property=\"og:locale\" content=\"fr_FR\" \/>\n<meta property=\"og:type\" content=\"article\" \/>\n<meta property=\"og:title\" content=\"25.09.08 - TPIR\/MILITAIRES II - UNE CHAMBRE INSATISFAITE DE \u00ab L&#039;INTEGRITE \u00bb DU PROCUREUR\" \/>\n<meta property=\"og:description\" content=\"Arusha, 25 septembre 2008 (FH) - Une chambre de premi&egrave;re instance du Tribunal p&eacute;nal international pour le Rwanda (TPIR) a vertement &laquo; r&eacute;primand&eacute; &raquo; le procureur de la juridiction, le Gambien Hassan Bubacar Jallow, lui reprochant de ne pas s&#039;&eacute;lever au &laquo; niveau d&#039;int&eacute;grit&eacute; &raquo; requis dans l&#039;exercice des ses fonctions d&#039;auxiliaire de la justice, [&hellip;]\" \/>\n<meta property=\"og:url\" content=\"https:\/\/www.justiceinfo.net\/fr\/9799-250908-tpirmilitaires-ii-une-chambre-insatisfaite-de-l-lintegrite-r-du-procureur6605.html\" \/>\n<meta property=\"og:site_name\" content=\"JusticeInfo.net\" \/>\n<meta property=\"article:publisher\" content=\"https:\/\/www.facebook.com\/JusticeInfo\/\" \/>\n<meta property=\"article:published_time\" content=\"2008-09-24T22:00:00+00:00\" \/>\n<meta property=\"og:image\" content=\"https:\/\/www.justiceinfo.net\/wp-content\/uploads\/JusticeInfoNet_logo_1200x630px.jpg\" \/>\n\t<meta property=\"og:image:width\" content=\"1200\" \/>\n\t<meta property=\"og:image:height\" content=\"630\" \/>\n\t<meta property=\"og:image:type\" content=\"image\/jpeg\" \/>\n<meta name=\"author\" content=\"solivri\" \/>\n<meta name=\"twitter:card\" content=\"summary_large_image\" \/>\n<meta name=\"twitter:creator\" content=\"@justiceinfonet\" \/>\n<meta name=\"twitter:site\" content=\"@justiceinfonet\" \/>\n<meta name=\"twitter:label1\" content=\"\u00c9crit par\" \/>\n\t<meta name=\"twitter:data1\" content=\"solivri\" \/>\n\t<meta name=\"twitter:label2\" content=\"Dur\u00e9e de lecture estim\u00e9e\" \/>\n\t<meta name=\"twitter:data2\" content=\"3 minutes\" \/>\n<script type=\"application\/ld+json\" class=\"yoast-schema-graph\">{\"@context\":\"https:\/\/schema.org\",\"@graph\":[{\"@type\":\"NewsArticle\",\"@id\":\"https:\/\/www.justiceinfo.net\/fr\/9799-250908-tpirmilitaires-ii-une-chambre-insatisfaite-de-l-lintegrite-r-du-procureur6605.html#article\",\"isPartOf\":{\"@id\":\"https:\/\/www.justiceinfo.net\/fr\/9799-250908-tpirmilitaires-ii-une-chambre-insatisfaite-de-l-lintegrite-r-du-procureur6605.html\"},\"author\":{\"name\":\"solivri\",\"@id\":\"https:\/\/www.justiceinfo.net\/fr#\/schema\/person\/6e53cba1629e2e66f3fc1821d3091865\"},\"headline\":\"25.09.08 - TPIR\/MILITAIRES II - UNE CHAMBRE INSATISFAITE DE \u00ab L'INTEGRITE \u00bb DU PROCUREUR\",\"datePublished\":\"2008-09-24T22:00:00+00:00\",\"mainEntityOfPage\":{\"@id\":\"https:\/\/www.justiceinfo.net\/fr\/9799-250908-tpirmilitaires-ii-une-chambre-insatisfaite-de-l-lintegrite-r-du-procureur6605.html\"},\"wordCount\":711,\"commentCount\":0,\"publisher\":{\"@id\":\"https:\/\/www.justiceinfo.net\/fr#organization\"},\"articleSection\":[\"Hirondelle News\"],\"inLanguage\":\"fr-FR\",\"potentialAction\":[{\"@type\":\"CommentAction\",\"name\":\"Comment\",\"target\":[\"https:\/\/www.justiceinfo.net\/fr\/9799-250908-tpirmilitaires-ii-une-chambre-insatisfaite-de-l-lintegrite-r-du-procureur6605.html#respond\"]}]},{\"@type\":\"WebPage\",\"@id\":\"https:\/\/www.justiceinfo.net\/fr\/9799-250908-tpirmilitaires-ii-une-chambre-insatisfaite-de-l-lintegrite-r-du-procureur6605.html\",\"url\":\"https:\/\/www.justiceinfo.net\/fr\/9799-250908-tpirmilitaires-ii-une-chambre-insatisfaite-de-l-lintegrite-r-du-procureur6605.html\",\"name\":\"25.09.08 - TPIR\/MILITAIRES II - UNE CHAMBRE INSATISFAITE DE \u00ab L'INTEGRITE \u00bb DU PROCUREUR - JusticeInfo.net\",\"isPartOf\":{\"@id\":\"https:\/\/www.justiceinfo.net\/fr#website\"},\"datePublished\":\"2008-09-24T22:00:00+00:00\",\"breadcrumb\":{\"@id\":\"https:\/\/www.justiceinfo.net\/fr\/9799-250908-tpirmilitaires-ii-une-chambre-insatisfaite-de-l-lintegrite-r-du-procureur6605.html#breadcrumb\"},\"inLanguage\":\"fr-FR\",\"potentialAction\":[{\"@type\":\"ReadAction\",\"target\":[\"https:\/\/www.justiceinfo.net\/fr\/9799-250908-tpirmilitaires-ii-une-chambre-insatisfaite-de-l-lintegrite-r-du-procureur6605.html\"]}]},{\"@type\":\"BreadcrumbList\",\"@id\":\"https:\/\/www.justiceinfo.net\/fr\/9799-250908-tpirmilitaires-ii-une-chambre-insatisfaite-de-l-lintegrite-r-du-procureur6605.html#breadcrumb\",\"itemListElement\":[{\"@type\":\"ListItem\",\"position\":1,\"name\":\"Home\",\"item\":\"https:\/\/www.justiceinfo.net\/fr\"},{\"@type\":\"ListItem\",\"position\":2,\"name\":\"25.09.08 - TPIR\/MILITAIRES II - UNE CHAMBRE INSATISFAITE DE \u00ab L'INTEGRITE \u00bb DU PROCUREUR\"}]},{\"@type\":\"WebSite\",\"@id\":\"https:\/\/www.justiceinfo.net\/fr#website\",\"url\":\"https:\/\/www.justiceinfo.net\/fr\",\"name\":\"JusticeInfo.net\",\"description\":\"La justice doit \u00eatre vue pour \u00eatre rendue\",\"publisher\":{\"@id\":\"https:\/\/www.justiceinfo.net\/fr#organization\"},\"potentialAction\":[{\"@type\":\"SearchAction\",\"target\":{\"@type\":\"EntryPoint\",\"urlTemplate\":\"https:\/\/www.justiceinfo.net\/fr?s={search_term_string}\"},\"query-input\":{\"@type\":\"PropertyValueSpecification\",\"valueRequired\":true,\"valueName\":\"search_term_string\"}}],\"inLanguage\":\"fr-FR\"},{\"@type\":\"Organization\",\"@id\":\"https:\/\/www.justiceinfo.net\/fr#organization\",\"name\":\"Justice Info\",\"url\":\"https:\/\/www.justiceinfo.net\/fr\",\"logo\":{\"@type\":\"ImageObject\",\"inLanguage\":\"fr-FR\",\"@id\":\"https:\/\/www.justiceinfo.net\/fr#\/schema\/logo\/image\/\",\"url\":\"https:\/\/www.justiceinfo.net\/wp-content\/uploads\/justiceinfo_logo-trans_1200x1200px.png\",\"contentUrl\":\"https:\/\/www.justiceinfo.net\/wp-content\/uploads\/justiceinfo_logo-trans_1200x1200px.png\",\"width\":1199,\"height\":1200,\"caption\":\"Justice Info\"},\"image\":{\"@id\":\"https:\/\/www.justiceinfo.net\/fr#\/schema\/logo\/image\/\"},\"sameAs\":[\"https:\/\/www.facebook.com\/JusticeInfo\/\",\"https:\/\/x.com\/justiceinfonet\",\"https:\/\/www.linkedin.com\/company\/justice-info\",\"https:\/\/www.youtube.com\/channel\/UCyCEsARodyuWtkWyhn-e7pA\"]},{\"@type\":\"Person\",\"name\":\"solivri\",\"url\":\"\/fr\/?s=solivri\"}]}<\/script>\n<!-- \/ Yoast SEO Premium plugin. -->","yoast_head_json":{"title":"25.09.08 - TPIR\/MILITAIRES II - UNE CHAMBRE INSATISFAITE DE \u00ab L'INTEGRITE \u00bb DU PROCUREUR - JusticeInfo.net","robots":{"index":"index","follow":"follow","max-snippet":"max-snippet:-1","max-image-preview":"max-image-preview:large","max-video-preview":"max-video-preview:-1"},"canonical":"https:\/\/www.justiceinfo.net\/fr\/9799-250908-tpirmilitaires-ii-une-chambre-insatisfaite-de-l-lintegrite-r-du-procureur6605.html","og_locale":"fr_FR","og_type":"article","og_title":"25.09.08 - TPIR\/MILITAIRES II - UNE CHAMBRE INSATISFAITE DE \u00ab L'INTEGRITE \u00bb DU PROCUREUR","og_description":"Arusha, 25 septembre 2008 (FH) - Une chambre de premi&egrave;re instance du Tribunal p&eacute;nal international pour le Rwanda (TPIR) a vertement &laquo; r&eacute;primand&eacute; &raquo; le procureur de la juridiction, le Gambien Hassan Bubacar Jallow, lui reprochant de ne pas s'&eacute;lever au &laquo; niveau d'int&eacute;grit&eacute; &raquo; requis dans l'exercice des ses fonctions d'auxiliaire de la justice, [&hellip;]","og_url":"https:\/\/www.justiceinfo.net\/fr\/9799-250908-tpirmilitaires-ii-une-chambre-insatisfaite-de-l-lintegrite-r-du-procureur6605.html","og_site_name":"JusticeInfo.net","article_publisher":"https:\/\/www.facebook.com\/JusticeInfo\/","article_published_time":"2008-09-24T22:00:00+00:00","og_image":[{"width":1200,"height":630,"url":"https:\/\/www.justiceinfo.net\/wp-content\/uploads\/JusticeInfoNet_logo_1200x630px.jpg","type":"image\/jpeg"}],"author":"solivri","twitter_card":"summary_large_image","twitter_creator":"@justiceinfonet","twitter_site":"@justiceinfonet","twitter_misc":{"\u00c9crit par":"solivri","Dur\u00e9e de lecture estim\u00e9e":"3 minutes"},"schema":{"@context":"https:\/\/schema.org","@graph":[{"@type":"NewsArticle","@id":"https:\/\/www.justiceinfo.net\/fr\/9799-250908-tpirmilitaires-ii-une-chambre-insatisfaite-de-l-lintegrite-r-du-procureur6605.html#article","isPartOf":{"@id":"https:\/\/www.justiceinfo.net\/fr\/9799-250908-tpirmilitaires-ii-une-chambre-insatisfaite-de-l-lintegrite-r-du-procureur6605.html"},"author":{"name":"solivri","@id":"https:\/\/www.justiceinfo.net\/fr#\/schema\/person\/6e53cba1629e2e66f3fc1821d3091865"},"headline":"25.09.08 - TPIR\/MILITAIRES II - UNE CHAMBRE INSATISFAITE DE \u00ab L'INTEGRITE \u00bb DU PROCUREUR","datePublished":"2008-09-24T22:00:00+00:00","mainEntityOfPage":{"@id":"https:\/\/www.justiceinfo.net\/fr\/9799-250908-tpirmilitaires-ii-une-chambre-insatisfaite-de-l-lintegrite-r-du-procureur6605.html"},"wordCount":711,"commentCount":0,"publisher":{"@id":"https:\/\/www.justiceinfo.net\/fr#organization"},"articleSection":["Hirondelle News"],"inLanguage":"fr-FR","potentialAction":[{"@type":"CommentAction","name":"Comment","target":["https:\/\/www.justiceinfo.net\/fr\/9799-250908-tpirmilitaires-ii-une-chambre-insatisfaite-de-l-lintegrite-r-du-procureur6605.html#respond"]}]},{"@type":"WebPage","@id":"https:\/\/www.justiceinfo.net\/fr\/9799-250908-tpirmilitaires-ii-une-chambre-insatisfaite-de-l-lintegrite-r-du-procureur6605.html","url":"https:\/\/www.justiceinfo.net\/fr\/9799-250908-tpirmilitaires-ii-une-chambre-insatisfaite-de-l-lintegrite-r-du-procureur6605.html","name":"25.09.08 - TPIR\/MILITAIRES II - UNE CHAMBRE INSATISFAITE DE \u00ab L'INTEGRITE \u00bb DU PROCUREUR - JusticeInfo.net","isPartOf":{"@id":"https:\/\/www.justiceinfo.net\/fr#website"},"datePublished":"2008-09-24T22:00:00+00:00","breadcrumb":{"@id":"https:\/\/www.justiceinfo.net\/fr\/9799-250908-tpirmilitaires-ii-une-chambre-insatisfaite-de-l-lintegrite-r-du-procureur6605.html#breadcrumb"},"inLanguage":"fr-FR","potentialAction":[{"@type":"ReadAction","target":["https:\/\/www.justiceinfo.net\/fr\/9799-250908-tpirmilitaires-ii-une-chambre-insatisfaite-de-l-lintegrite-r-du-procureur6605.html"]}]},{"@type":"BreadcrumbList","@id":"https:\/\/www.justiceinfo.net\/fr\/9799-250908-tpirmilitaires-ii-une-chambre-insatisfaite-de-l-lintegrite-r-du-procureur6605.html#breadcrumb","itemListElement":[{"@type":"ListItem","position":1,"name":"Home","item":"https:\/\/www.justiceinfo.net\/fr"},{"@type":"ListItem","position":2,"name":"25.09.08 - TPIR\/MILITAIRES II - UNE CHAMBRE INSATISFAITE DE \u00ab L'INTEGRITE \u00bb DU PROCUREUR"}]},{"@type":"WebSite","@id":"https:\/\/www.justiceinfo.net\/fr#website","url":"https:\/\/www.justiceinfo.net\/fr","name":"JusticeInfo.net","description":"La justice doit \u00eatre vue pour \u00eatre rendue","publisher":{"@id":"https:\/\/www.justiceinfo.net\/fr#organization"},"potentialAction":[{"@type":"SearchAction","target":{"@type":"EntryPoint","urlTemplate":"https:\/\/www.justiceinfo.net\/fr?s={search_term_string}"},"query-input":{"@type":"PropertyValueSpecification","valueRequired":true,"valueName":"search_term_string"}}],"inLanguage":"fr-FR"},{"@type":"Organization","@id":"https:\/\/www.justiceinfo.net\/fr#organization","name":"Justice Info","url":"https:\/\/www.justiceinfo.net\/fr","logo":{"@type":"ImageObject","inLanguage":"fr-FR","@id":"https:\/\/www.justiceinfo.net\/fr#\/schema\/logo\/image\/","url":"https:\/\/www.justiceinfo.net\/wp-content\/uploads\/justiceinfo_logo-trans_1200x1200px.png","contentUrl":"https:\/\/www.justiceinfo.net\/wp-content\/uploads\/justiceinfo_logo-trans_1200x1200px.png","width":1199,"height":1200,"caption":"Justice Info"},"image":{"@id":"https:\/\/www.justiceinfo.net\/fr#\/schema\/logo\/image\/"},"sameAs":["https:\/\/www.facebook.com\/JusticeInfo\/","https:\/\/x.com\/justiceinfonet","https:\/\/www.linkedin.com\/company\/justice-info","https:\/\/www.youtube.com\/channel\/UCyCEsARodyuWtkWyhn-e7pA"]},{"@type":"Person","name":"solivri","url":"\/fr\/?s=solivri"}]}},"_links":{"self":[{"href":"https:\/\/www.justiceinfo.net\/fr\/wp-json\/wp\/v2\/posts\/9799","targetHints":{"allow":["GET"]}}],"collection":[{"href":"https:\/\/www.justiceinfo.net\/fr\/wp-json\/wp\/v2\/posts"}],"about":[{"href":"https:\/\/www.justiceinfo.net\/fr\/wp-json\/wp\/v2\/types\/post"}],"author":[{"embeddable":true,"href":"https:\/\/www.justiceinfo.net\/fr\/wp-json\/wp\/v2\/users\/64"}],"replies":[{"embeddable":true,"href":"https:\/\/www.justiceinfo.net\/fr\/wp-json\/wp\/v2\/comments?post=9799"}],"version-history":[{"count":0,"href":"https:\/\/www.justiceinfo.net\/fr\/wp-json\/wp\/v2\/posts\/9799\/revisions"}],"wp:attachment":[{"href":"https:\/\/www.justiceinfo.net\/fr\/wp-json\/wp\/v2\/media?parent=9799"}],"wp:term":[{"taxonomy":"category","embeddable":true,"href":"https:\/\/www.justiceinfo.net\/fr\/wp-json\/wp\/v2\/categories?post=9799"},{"taxonomy":"post_tag","embeddable":true,"href":"https:\/\/www.justiceinfo.net\/fr\/wp-json\/wp\/v2\/tags?post=9799"},{"taxonomy":"ji_location","embeddable":true,"href":"https:\/\/www.justiceinfo.net\/fr\/wp-json\/wp\/v2\/ji_location?post=9799"}],"curies":[{"name":"wp","href":"https:\/\/api.w.org\/{rel}","templated":true}]}}