{"id":9817,"date":"2008-10-03T00:00:00","date_gmt":"2008-10-02T22:00:00","guid":{"rendered":"https:\/\/www.justiceinfo.net\/9817-031008-tpirsynthese-hebdomadaire-une-delegation-du-conseil-de-securite-a-visite-le-tpir6623.html"},"modified":"2008-10-03T00:00:00","modified_gmt":"2008-10-02T22:00:00","slug":"031008-tpirsynthese-hebdomadaire-une-delegation-du-conseil-de-securite-a-visite-le-tpir6623","status":"publish","type":"post","link":"https:\/\/www.justiceinfo.net\/fr\/9817-031008-tpirsynthese-hebdomadaire-une-delegation-du-conseil-de-securite-a-visite-le-tpir6623.html","title":{"rendered":"03.10.08 - TPIR\/SYNTHESE HEBDOMADAIRE - UNE DELEGATION DU CONSEIL DE SECURITE A VISITE LE TPIR"},"content":{"rendered":"<p>Arusha, 03 octobre 2008 (FH) - Un &laquo; groupe de travail informel &raquo; du Conseil de s&eacute;curit&eacute; a effectu&eacute; lundi et mardi une visite au Tribunal p&eacute;nal international pour le Rwanda (TPIR), &agrave; l'issue de laquelle il a trouv&eacute; &laquo; r&eacute;aliste &raquo; la strat&eacute;gie de fin de mandat de cette juridiction. Le TPIR doit terminer les proc&egrave;s en premi&egrave;re instance au plus tard &agrave; la fin de l'ann&eacute;e prochaine.<br \/>\n<!--more--><\/p>\n<p>\n&laquo; Je pense qu'elle (la strat&eacute;gie de fin de mandat) est r&eacute;aliste &raquo;, a d&eacute;clar&eacute; mardi &agrave; la presse, le chef de la d&eacute;l&eacute;gation, William Roelants de Stappers, premier secr&eacute;taire &agrave; la mission permanente du Royaume de Belgique aux Nations Unies. &laquo; Le tribunal est en train de travailler dur &raquo; pour respecter cet &eacute;ch&eacute;ancier fix&eacute; par le Conseil de s&eacute;curit&eacute;, a ajout&eacute; le diplomate belge. <\/p>\n<p>Lors de sa visite, ce &laquo; groupe informel de travail du Conseil de s&eacute;curit&eacute; sur les tribunaux &raquo; de l'ONU a rencontr&eacute; le pr&eacute;sident, le greffier et le procureur g&eacute;n&eacute;ral du TPIR, respectivement Dennis Byron, Adama Dieng et Hassan Bubacar Jallow. <\/p>\n<p>Les 12 membres de la d&eacute;l&eacute;gation ont par ailleurs visit&eacute; le centre de d&eacute;tention du TPIR. <\/p>\n<p>La division administrative du tribunal a annonc&eacute; mardi dans une note circulaire que le porte-parole du TPIR, Roland Amoussouga, avait &eacute;t&eacute; lav&eacute; des accusations d'abus de poste port&eacute;es contre lui en 2005, et qui lui avaient valu d'&ecirc;tre temporairement &eacute;cart&eacute; de ces fonctions. <\/p>\n<p>Ce juriste canado-togolais avait &eacute;t&eacute; accus&eacute; d'avoir favoris&eacute; la nomination d'un Fran&ccedil;ais, Me Pascal Besnier, &agrave; la direction de la section des avocats de la d&eacute;fense au TPIR. <\/p>\n<p>L'enqu&ecirc;te ouverte par les Nations Unies avait entra&icirc;n&eacute; le gel de la proc&eacute;dure d'embauche du d&eacute;fenseur fran&ccedil;ais. <\/p>\n<p>&laquo; Apr&egrave;s avoir examin&eacute; le dossier, le comit&eacute; conjoint de discipline des Nations Unies, a unanimement recommand&eacute; que les all&eacute;gations contre M. Roland Amoussouga soient retir&eacute;es et qu'aucune action disciplinaire suppl&eacute;mentaire ne soit prise &raquo;, indique la note circulaire. <\/p>\n<p>Dans les salles d'audience, le tribunal n'a si&eacute;g&eacute; qu'une journ&eacute;e et dans une seule affaire, &laquo; Militaires II &raquo;. Le proc&egrave;s a &eacute;t&eacute; ajourn&eacute; lundi au terme de la d&eacute;position du 27 i&egrave;me t&eacute;moin de la d&eacute;fense du major Fran&ccedil;ois-Xavier Nzuwonemeye, qui commandait, pendant le g&eacute;nocide, le bataillon de reconnaissance, une unit&eacute; d'&eacute;lite &agrave; l'&eacute;poque. <\/p>\n<p>A partir de lundi prochain, le major sera en personne dans le box des t&eacute;moins pour se d&eacute;fendre. <\/p>\n<p>La semaine prochaine, le proc&egrave;s de quatre ex-ministres du gouvernement en place pendant le g&eacute;nocide se d&eacute;placera au Rwanda pour une visite de 23 sites de faits all&eacute;gu&eacute;s. <\/p>\n<p>ER\/GF <\/p>\n<p>&copy; Agence Hirondelle<\/p>\n","protected":false},"excerpt":{"rendered":"<p>Arusha, 03 octobre 2008 (FH) - Un &laquo; groupe de travail informel &raquo; du Conseil de s&eacute;curit&eacute; a effectu&eacute; lundi et mardi une visite au Tribunal p&eacute;nal international pour le Rwanda (TPIR), &agrave; l'issue de laquelle il a trouv&eacute; &laquo; r&eacute;aliste &raquo; la strat&eacute;gie de fin de mandat de cette juridiction. Le TPIR doit terminer [&hellip;]<\/p>\n","protected":false},"author":64,"featured_media":0,"comment_status":"open","ping_status":"closed","sticky":false,"template":"","format":"standard","meta":{"_acf_changed":false,"footnotes":""},"categories":[554],"tags":[],"ji_location":[],"class_list":["post-9817","post","type-post","status-publish","format-standard","hentry","category-hirondellenews"],"acf":[],"yoast_head":"<!-- This site is optimized with the Yoast SEO Premium plugin v25.3.1 (Yoast SEO v25.3.1) - https:\/\/yoast.com\/wordpress\/plugins\/seo\/ -->\n<title>03.10.08 - TPIR\/SYNTHESE HEBDOMADAIRE - UNE DELEGATION DU CONSEIL DE SECURITE A VISITE LE TPIR - JusticeInfo.net<\/title>\n<meta name=\"robots\" content=\"index, follow, max-snippet:-1, max-image-preview:large, max-video-preview:-1\" \/>\n<link rel=\"canonical\" href=\"https:\/\/www.justiceinfo.net\/fr\/9817-031008-tpirsynthese-hebdomadaire-une-delegation-du-conseil-de-securite-a-visite-le-tpir6623.html\" \/>\n<meta property=\"og:locale\" content=\"fr_FR\" \/>\n<meta property=\"og:type\" content=\"article\" \/>\n<meta property=\"og:title\" content=\"03.10.08 - TPIR\/SYNTHESE HEBDOMADAIRE - UNE DELEGATION DU CONSEIL DE SECURITE A VISITE LE TPIR\" \/>\n<meta property=\"og:description\" content=\"Arusha, 03 octobre 2008 (FH) - Un &laquo; groupe de travail informel &raquo; du Conseil de s&eacute;curit&eacute; a effectu&eacute; lundi et mardi une visite au Tribunal p&eacute;nal international pour le Rwanda (TPIR), &agrave; l&#039;issue de laquelle il a trouv&eacute; &laquo; r&eacute;aliste &raquo; la strat&eacute;gie de fin de mandat de cette juridiction. Le TPIR doit terminer [&hellip;]\" \/>\n<meta property=\"og:url\" content=\"https:\/\/www.justiceinfo.net\/fr\/9817-031008-tpirsynthese-hebdomadaire-une-delegation-du-conseil-de-securite-a-visite-le-tpir6623.html\" \/>\n<meta property=\"og:site_name\" content=\"JusticeInfo.net\" \/>\n<meta property=\"article:publisher\" content=\"https:\/\/www.facebook.com\/JusticeInfo\/\" \/>\n<meta property=\"article:published_time\" content=\"2008-10-02T22:00:00+00:00\" \/>\n<meta property=\"og:image\" content=\"https:\/\/www.justiceinfo.net\/wp-content\/uploads\/JusticeInfoNet_logo_1200x630px.jpg\" \/>\n\t<meta property=\"og:image:width\" content=\"1200\" \/>\n\t<meta property=\"og:image:height\" content=\"630\" \/>\n\t<meta property=\"og:image:type\" content=\"image\/jpeg\" \/>\n<meta name=\"author\" content=\"solivri\" \/>\n<meta name=\"twitter:card\" content=\"summary_large_image\" \/>\n<meta name=\"twitter:creator\" content=\"@justiceinfonet\" \/>\n<meta name=\"twitter:site\" content=\"@justiceinfonet\" \/>\n<meta name=\"twitter:label1\" content=\"\u00c9crit par\" \/>\n\t<meta name=\"twitter:data1\" content=\"solivri\" \/>\n\t<meta name=\"twitter:label2\" content=\"Dur\u00e9e de lecture estim\u00e9e\" \/>\n\t<meta name=\"twitter:data2\" content=\"3 minutes\" \/>\n<script type=\"application\/ld+json\" class=\"yoast-schema-graph\">{\"@context\":\"https:\/\/schema.org\",\"@graph\":[{\"@type\":\"NewsArticle\",\"@id\":\"https:\/\/www.justiceinfo.net\/fr\/9817-031008-tpirsynthese-hebdomadaire-une-delegation-du-conseil-de-securite-a-visite-le-tpir6623.html#article\",\"isPartOf\":{\"@id\":\"https:\/\/www.justiceinfo.net\/fr\/9817-031008-tpirsynthese-hebdomadaire-une-delegation-du-conseil-de-securite-a-visite-le-tpir6623.html\"},\"author\":{\"name\":\"solivri\",\"@id\":\"https:\/\/www.justiceinfo.net\/fr#\/schema\/person\/6e53cba1629e2e66f3fc1821d3091865\"},\"headline\":\"03.10.08 - TPIR\/SYNTHESE HEBDOMADAIRE - UNE DELEGATION DU CONSEIL DE SECURITE A VISITE LE TPIR\",\"datePublished\":\"2008-10-02T22:00:00+00:00\",\"mainEntityOfPage\":{\"@id\":\"https:\/\/www.justiceinfo.net\/fr\/9817-031008-tpirsynthese-hebdomadaire-une-delegation-du-conseil-de-securite-a-visite-le-tpir6623.html\"},\"wordCount\":583,\"commentCount\":0,\"publisher\":{\"@id\":\"https:\/\/www.justiceinfo.net\/fr#organization\"},\"articleSection\":[\"Hirondelle News\"],\"inLanguage\":\"fr-FR\",\"potentialAction\":[{\"@type\":\"CommentAction\",\"name\":\"Comment\",\"target\":[\"https:\/\/www.justiceinfo.net\/fr\/9817-031008-tpirsynthese-hebdomadaire-une-delegation-du-conseil-de-securite-a-visite-le-tpir6623.html#respond\"]}]},{\"@type\":\"WebPage\",\"@id\":\"https:\/\/www.justiceinfo.net\/fr\/9817-031008-tpirsynthese-hebdomadaire-une-delegation-du-conseil-de-securite-a-visite-le-tpir6623.html\",\"url\":\"https:\/\/www.justiceinfo.net\/fr\/9817-031008-tpirsynthese-hebdomadaire-une-delegation-du-conseil-de-securite-a-visite-le-tpir6623.html\",\"name\":\"03.10.08 - TPIR\/SYNTHESE HEBDOMADAIRE - UNE DELEGATION DU CONSEIL DE SECURITE A VISITE LE TPIR - JusticeInfo.net\",\"isPartOf\":{\"@id\":\"https:\/\/www.justiceinfo.net\/fr#website\"},\"datePublished\":\"2008-10-02T22:00:00+00:00\",\"breadcrumb\":{\"@id\":\"https:\/\/www.justiceinfo.net\/fr\/9817-031008-tpirsynthese-hebdomadaire-une-delegation-du-conseil-de-securite-a-visite-le-tpir6623.html#breadcrumb\"},\"inLanguage\":\"fr-FR\",\"potentialAction\":[{\"@type\":\"ReadAction\",\"target\":[\"https:\/\/www.justiceinfo.net\/fr\/9817-031008-tpirsynthese-hebdomadaire-une-delegation-du-conseil-de-securite-a-visite-le-tpir6623.html\"]}]},{\"@type\":\"BreadcrumbList\",\"@id\":\"https:\/\/www.justiceinfo.net\/fr\/9817-031008-tpirsynthese-hebdomadaire-une-delegation-du-conseil-de-securite-a-visite-le-tpir6623.html#breadcrumb\",\"itemListElement\":[{\"@type\":\"ListItem\",\"position\":1,\"name\":\"Home\",\"item\":\"https:\/\/www.justiceinfo.net\/fr\"},{\"@type\":\"ListItem\",\"position\":2,\"name\":\"03.10.08 - TPIR\/SYNTHESE HEBDOMADAIRE - UNE DELEGATION DU CONSEIL DE SECURITE A VISITE LE TPIR\"}]},{\"@type\":\"WebSite\",\"@id\":\"https:\/\/www.justiceinfo.net\/fr#website\",\"url\":\"https:\/\/www.justiceinfo.net\/fr\",\"name\":\"JusticeInfo.net\",\"description\":\"La justice doit \u00eatre vue pour \u00eatre rendue\",\"publisher\":{\"@id\":\"https:\/\/www.justiceinfo.net\/fr#organization\"},\"potentialAction\":[{\"@type\":\"SearchAction\",\"target\":{\"@type\":\"EntryPoint\",\"urlTemplate\":\"https:\/\/www.justiceinfo.net\/fr?s={search_term_string}\"},\"query-input\":{\"@type\":\"PropertyValueSpecification\",\"valueRequired\":true,\"valueName\":\"search_term_string\"}}],\"inLanguage\":\"fr-FR\"},{\"@type\":\"Organization\",\"@id\":\"https:\/\/www.justiceinfo.net\/fr#organization\",\"name\":\"Justice Info\",\"url\":\"https:\/\/www.justiceinfo.net\/fr\",\"logo\":{\"@type\":\"ImageObject\",\"inLanguage\":\"fr-FR\",\"@id\":\"https:\/\/www.justiceinfo.net\/fr#\/schema\/logo\/image\/\",\"url\":\"https:\/\/www.justiceinfo.net\/wp-content\/uploads\/justiceinfo_logo-trans_1200x1200px.png\",\"contentUrl\":\"https:\/\/www.justiceinfo.net\/wp-content\/uploads\/justiceinfo_logo-trans_1200x1200px.png\",\"width\":1199,\"height\":1200,\"caption\":\"Justice Info\"},\"image\":{\"@id\":\"https:\/\/www.justiceinfo.net\/fr#\/schema\/logo\/image\/\"},\"sameAs\":[\"https:\/\/www.facebook.com\/JusticeInfo\/\",\"https:\/\/x.com\/justiceinfonet\",\"https:\/\/www.linkedin.com\/company\/justice-info\",\"https:\/\/www.youtube.com\/channel\/UCyCEsARodyuWtkWyhn-e7pA\"]},{\"@type\":\"Person\",\"name\":\"solivri\",\"url\":\"\/fr\/?s=solivri\"}]}<\/script>\n<!-- \/ Yoast SEO Premium plugin. -->","yoast_head_json":{"title":"03.10.08 - TPIR\/SYNTHESE HEBDOMADAIRE - UNE DELEGATION DU CONSEIL DE SECURITE A VISITE LE TPIR - JusticeInfo.net","robots":{"index":"index","follow":"follow","max-snippet":"max-snippet:-1","max-image-preview":"max-image-preview:large","max-video-preview":"max-video-preview:-1"},"canonical":"https:\/\/www.justiceinfo.net\/fr\/9817-031008-tpirsynthese-hebdomadaire-une-delegation-du-conseil-de-securite-a-visite-le-tpir6623.html","og_locale":"fr_FR","og_type":"article","og_title":"03.10.08 - TPIR\/SYNTHESE HEBDOMADAIRE - UNE DELEGATION DU CONSEIL DE SECURITE A VISITE LE TPIR","og_description":"Arusha, 03 octobre 2008 (FH) - Un &laquo; groupe de travail informel &raquo; du Conseil de s&eacute;curit&eacute; a effectu&eacute; lundi et mardi une visite au Tribunal p&eacute;nal international pour le Rwanda (TPIR), &agrave; l'issue de laquelle il a trouv&eacute; &laquo; r&eacute;aliste &raquo; la strat&eacute;gie de fin de mandat de cette juridiction. Le TPIR doit terminer [&hellip;]","og_url":"https:\/\/www.justiceinfo.net\/fr\/9817-031008-tpirsynthese-hebdomadaire-une-delegation-du-conseil-de-securite-a-visite-le-tpir6623.html","og_site_name":"JusticeInfo.net","article_publisher":"https:\/\/www.facebook.com\/JusticeInfo\/","article_published_time":"2008-10-02T22:00:00+00:00","og_image":[{"width":1200,"height":630,"url":"https:\/\/www.justiceinfo.net\/wp-content\/uploads\/JusticeInfoNet_logo_1200x630px.jpg","type":"image\/jpeg"}],"author":"solivri","twitter_card":"summary_large_image","twitter_creator":"@justiceinfonet","twitter_site":"@justiceinfonet","twitter_misc":{"\u00c9crit par":"solivri","Dur\u00e9e de lecture estim\u00e9e":"3 minutes"},"schema":{"@context":"https:\/\/schema.org","@graph":[{"@type":"NewsArticle","@id":"https:\/\/www.justiceinfo.net\/fr\/9817-031008-tpirsynthese-hebdomadaire-une-delegation-du-conseil-de-securite-a-visite-le-tpir6623.html#article","isPartOf":{"@id":"https:\/\/www.justiceinfo.net\/fr\/9817-031008-tpirsynthese-hebdomadaire-une-delegation-du-conseil-de-securite-a-visite-le-tpir6623.html"},"author":{"name":"solivri","@id":"https:\/\/www.justiceinfo.net\/fr#\/schema\/person\/6e53cba1629e2e66f3fc1821d3091865"},"headline":"03.10.08 - TPIR\/SYNTHESE HEBDOMADAIRE - UNE DELEGATION DU CONSEIL DE SECURITE A VISITE LE TPIR","datePublished":"2008-10-02T22:00:00+00:00","mainEntityOfPage":{"@id":"https:\/\/www.justiceinfo.net\/fr\/9817-031008-tpirsynthese-hebdomadaire-une-delegation-du-conseil-de-securite-a-visite-le-tpir6623.html"},"wordCount":583,"commentCount":0,"publisher":{"@id":"https:\/\/www.justiceinfo.net\/fr#organization"},"articleSection":["Hirondelle News"],"inLanguage":"fr-FR","potentialAction":[{"@type":"CommentAction","name":"Comment","target":["https:\/\/www.justiceinfo.net\/fr\/9817-031008-tpirsynthese-hebdomadaire-une-delegation-du-conseil-de-securite-a-visite-le-tpir6623.html#respond"]}]},{"@type":"WebPage","@id":"https:\/\/www.justiceinfo.net\/fr\/9817-031008-tpirsynthese-hebdomadaire-une-delegation-du-conseil-de-securite-a-visite-le-tpir6623.html","url":"https:\/\/www.justiceinfo.net\/fr\/9817-031008-tpirsynthese-hebdomadaire-une-delegation-du-conseil-de-securite-a-visite-le-tpir6623.html","name":"03.10.08 - TPIR\/SYNTHESE HEBDOMADAIRE - UNE DELEGATION DU CONSEIL DE SECURITE A VISITE LE TPIR - JusticeInfo.net","isPartOf":{"@id":"https:\/\/www.justiceinfo.net\/fr#website"},"datePublished":"2008-10-02T22:00:00+00:00","breadcrumb":{"@id":"https:\/\/www.justiceinfo.net\/fr\/9817-031008-tpirsynthese-hebdomadaire-une-delegation-du-conseil-de-securite-a-visite-le-tpir6623.html#breadcrumb"},"inLanguage":"fr-FR","potentialAction":[{"@type":"ReadAction","target":["https:\/\/www.justiceinfo.net\/fr\/9817-031008-tpirsynthese-hebdomadaire-une-delegation-du-conseil-de-securite-a-visite-le-tpir6623.html"]}]},{"@type":"BreadcrumbList","@id":"https:\/\/www.justiceinfo.net\/fr\/9817-031008-tpirsynthese-hebdomadaire-une-delegation-du-conseil-de-securite-a-visite-le-tpir6623.html#breadcrumb","itemListElement":[{"@type":"ListItem","position":1,"name":"Home","item":"https:\/\/www.justiceinfo.net\/fr"},{"@type":"ListItem","position":2,"name":"03.10.08 - TPIR\/SYNTHESE HEBDOMADAIRE - UNE DELEGATION DU CONSEIL DE SECURITE A VISITE LE TPIR"}]},{"@type":"WebSite","@id":"https:\/\/www.justiceinfo.net\/fr#website","url":"https:\/\/www.justiceinfo.net\/fr","name":"JusticeInfo.net","description":"La justice doit \u00eatre vue pour \u00eatre rendue","publisher":{"@id":"https:\/\/www.justiceinfo.net\/fr#organization"},"potentialAction":[{"@type":"SearchAction","target":{"@type":"EntryPoint","urlTemplate":"https:\/\/www.justiceinfo.net\/fr?s={search_term_string}"},"query-input":{"@type":"PropertyValueSpecification","valueRequired":true,"valueName":"search_term_string"}}],"inLanguage":"fr-FR"},{"@type":"Organization","@id":"https:\/\/www.justiceinfo.net\/fr#organization","name":"Justice Info","url":"https:\/\/www.justiceinfo.net\/fr","logo":{"@type":"ImageObject","inLanguage":"fr-FR","@id":"https:\/\/www.justiceinfo.net\/fr#\/schema\/logo\/image\/","url":"https:\/\/www.justiceinfo.net\/wp-content\/uploads\/justiceinfo_logo-trans_1200x1200px.png","contentUrl":"https:\/\/www.justiceinfo.net\/wp-content\/uploads\/justiceinfo_logo-trans_1200x1200px.png","width":1199,"height":1200,"caption":"Justice Info"},"image":{"@id":"https:\/\/www.justiceinfo.net\/fr#\/schema\/logo\/image\/"},"sameAs":["https:\/\/www.facebook.com\/JusticeInfo\/","https:\/\/x.com\/justiceinfonet","https:\/\/www.linkedin.com\/company\/justice-info","https:\/\/www.youtube.com\/channel\/UCyCEsARodyuWtkWyhn-e7pA"]},{"@type":"Person","name":"solivri","url":"\/fr\/?s=solivri"}]}},"_links":{"self":[{"href":"https:\/\/www.justiceinfo.net\/fr\/wp-json\/wp\/v2\/posts\/9817","targetHints":{"allow":["GET"]}}],"collection":[{"href":"https:\/\/www.justiceinfo.net\/fr\/wp-json\/wp\/v2\/posts"}],"about":[{"href":"https:\/\/www.justiceinfo.net\/fr\/wp-json\/wp\/v2\/types\/post"}],"author":[{"embeddable":true,"href":"https:\/\/www.justiceinfo.net\/fr\/wp-json\/wp\/v2\/users\/64"}],"replies":[{"embeddable":true,"href":"https:\/\/www.justiceinfo.net\/fr\/wp-json\/wp\/v2\/comments?post=9817"}],"version-history":[{"count":0,"href":"https:\/\/www.justiceinfo.net\/fr\/wp-json\/wp\/v2\/posts\/9817\/revisions"}],"wp:attachment":[{"href":"https:\/\/www.justiceinfo.net\/fr\/wp-json\/wp\/v2\/media?parent=9817"}],"wp:term":[{"taxonomy":"category","embeddable":true,"href":"https:\/\/www.justiceinfo.net\/fr\/wp-json\/wp\/v2\/categories?post=9817"},{"taxonomy":"post_tag","embeddable":true,"href":"https:\/\/www.justiceinfo.net\/fr\/wp-json\/wp\/v2\/tags?post=9817"},{"taxonomy":"ji_location","embeddable":true,"href":"https:\/\/www.justiceinfo.net\/fr\/wp-json\/wp\/v2\/ji_location?post=9817"}],"curies":[{"name":"wp","href":"https:\/\/api.w.org\/{rel}","templated":true}]}}