{"id":9821,"date":"2008-10-06T00:00:00","date_gmt":"2008-10-05T22:00:00","guid":{"rendered":"https:\/\/www.justiceinfo.net\/9821-061008-rwandagacaca-une-anesthesiste-rwandaise-poursuivie-pour-genocide6627.html"},"modified":"2008-10-06T00:00:00","modified_gmt":"2008-10-05T22:00:00","slug":"061008-rwandagacaca-une-anesthesiste-rwandaise-poursuivie-pour-genocide6627","status":"publish","type":"post","link":"https:\/\/www.justiceinfo.net\/fr\/9821-061008-rwandagacaca-une-anesthesiste-rwandaise-poursuivie-pour-genocide6627.html","title":{"rendered":"06.10.08 - RWANDA\/GACACA - UNE ANESTHESISTE RWANDAISE POURSUIVIE POUR GENOCIDE"},"content":{"rendered":"<p>\nArusha, 6 octobre 2008 (FH) - Mme Jeanne d'Arc Uwambazimana, m&eacute;decin-anesth&eacute;siste, jug&eacute;e pour g&eacute;nocide depuis deux semaines, compara&icirc;tra &agrave; nouveau mercredi devant une juridiction gacaca du sud du Rwanda, a-t-on appris lundi de source associative locale.\n<\/p>\n<p><!--more--><\/p>\n<p>\nPendant le g&eacute;nocide perp&eacute;tr&eacute; contre les Tutsis en 1994, le docteur Uwambazimana travaillait &agrave; l'h&ocirc;pital universitaire de Butare (sud) o&ugrave; elle a repris ses activit&eacute;s apr&egrave;s la guerre, selon la Ligue des droits de la personne dans la r&eacute;gion des Grands lacs (LDGL).\n<\/p>\n<p>\nElle est accus&eacute;e d'avoir incit&eacute; le personnel de l'h&ocirc;pital &agrave; tuer les Tutsis et d'avoir arrach&eacute; les perfusions des malades Tutsis, a rapport&eacute; lundi sur son site internet, cette organisation sous-r&eacute;gionale bas&eacute;e &agrave; Kigali.\n<\/p>\n<p>\nA la derni&egrave;re audience, le 24 septembre, elle a rejet&eacute; en bloc, devant la juridiction gacaca de la ville de Butare, toutes ces accusations, a poursuivi la LDGL qui comprend une vingtaine d'associations de d&eacute;fense des droits de l'homme du Rwanda, du Burundi et la RDC.\n<\/p>\n<p>\nLe docteur Uwambazimana a expliqu&eacute;, dans sa d&eacute;fense, qu'il y avait, &agrave; l'h&ocirc;pital universitaire, beaucoup de miliciens Interahamwe et de militaires qui venaient enlever les malades pour ensuite les tuer en d'autres endroits. Elle a soulign&eacute; qu'elle ne pouvait rien faire, en tant que m&eacute;decin, face &agrave; ces tueurs, qui &eacute;taient devenus, selon elle, des animaux sauvages.\n<\/p>\n<p>\nCinq personnes ont d&eacute;pos&eacute; ce jour-l&agrave;, en faveur de l'inculp&eacute;e et aucun t&eacute;moignage &agrave; charge n'a &eacute;t&eacute; entendu.\n<\/p>\n<p>\nPlusieurs m&eacute;decins qui travaillaient en 1994 &agrave; l'h&ocirc;pital universitaire de Butare ont &eacute;t&eacute; jug&eacute;s par la juridiction gacaca de l'endroit, dont certains ont &eacute;t&eacute; condamn&eacute;s pour leur r&ocirc;le dans le g&eacute;nocide de 1994.\n<\/p>\n<p>\nInspir&eacute;es des anciennes assembl&eacute;es villageoises rwandaises lors desquelles &laquo; les sages &raquo; tranchaient des diff&eacute;rends, les juridictions gacacas sont charg&eacute;es de juger la plupart des responsables pr&eacute;sum&eacute;s du g&eacute;nocide perp&eacute;tr&eacute; contre les Tutsis en 1994. <\/p>\n<p>ER\/PB\/GF <\/p>\n<p>&copy; Agence Hirondelle<\/p>\n","protected":false},"excerpt":{"rendered":"<p>Arusha, 6 octobre 2008 (FH) - Mme Jeanne d'Arc Uwambazimana, m&eacute;decin-anesth&eacute;siste, jug&eacute;e pour g&eacute;nocide depuis deux semaines, compara&icirc;tra &agrave; nouveau mercredi devant une juridiction gacaca du sud du Rwanda, a-t-on appris lundi de source associative locale.<\/p>\n","protected":false},"author":64,"featured_media":0,"comment_status":"open","ping_status":"closed","sticky":false,"template":"","format":"standard","meta":{"_acf_changed":false,"footnotes":""},"categories":[554],"tags":[],"ji_location":[],"class_list":["post-9821","post","type-post","status-publish","format-standard","hentry","category-hirondellenews"],"acf":[],"yoast_head":"<!-- This site is optimized with the Yoast SEO Premium plugin v25.3.1 (Yoast SEO v25.3.1) - https:\/\/yoast.com\/wordpress\/plugins\/seo\/ -->\n<title>06.10.08 - RWANDA\/GACACA - UNE ANESTHESISTE RWANDAISE POURSUIVIE POUR GENOCIDE - JusticeInfo.net<\/title>\n<meta name=\"robots\" content=\"index, follow, max-snippet:-1, max-image-preview:large, max-video-preview:-1\" \/>\n<link rel=\"canonical\" href=\"https:\/\/www.justiceinfo.net\/fr\/9821-061008-rwandagacaca-une-anesthesiste-rwandaise-poursuivie-pour-genocide6627.html\" \/>\n<meta property=\"og:locale\" content=\"fr_FR\" \/>\n<meta property=\"og:type\" content=\"article\" \/>\n<meta property=\"og:title\" content=\"06.10.08 - RWANDA\/GACACA - UNE ANESTHESISTE RWANDAISE POURSUIVIE POUR GENOCIDE\" \/>\n<meta property=\"og:description\" content=\"Arusha, 6 octobre 2008 (FH) - Mme Jeanne d&#039;Arc Uwambazimana, m&eacute;decin-anesth&eacute;siste, jug&eacute;e pour g&eacute;nocide depuis deux semaines, compara&icirc;tra &agrave; nouveau mercredi devant une juridiction gacaca du sud du Rwanda, a-t-on appris lundi de source associative locale.\" \/>\n<meta property=\"og:url\" content=\"https:\/\/www.justiceinfo.net\/fr\/9821-061008-rwandagacaca-une-anesthesiste-rwandaise-poursuivie-pour-genocide6627.html\" \/>\n<meta property=\"og:site_name\" content=\"JusticeInfo.net\" \/>\n<meta property=\"article:publisher\" content=\"https:\/\/www.facebook.com\/JusticeInfo\/\" \/>\n<meta property=\"article:published_time\" content=\"2008-10-05T22:00:00+00:00\" \/>\n<meta property=\"og:image\" content=\"https:\/\/www.justiceinfo.net\/wp-content\/uploads\/JusticeInfoNet_logo_1200x630px.jpg\" \/>\n\t<meta property=\"og:image:width\" content=\"1200\" \/>\n\t<meta property=\"og:image:height\" content=\"630\" \/>\n\t<meta property=\"og:image:type\" content=\"image\/jpeg\" \/>\n<meta name=\"author\" content=\"solivri\" \/>\n<meta name=\"twitter:card\" content=\"summary_large_image\" \/>\n<meta name=\"twitter:creator\" content=\"@justiceinfonet\" \/>\n<meta name=\"twitter:site\" content=\"@justiceinfonet\" \/>\n<meta name=\"twitter:label1\" content=\"\u00c9crit par\" \/>\n\t<meta name=\"twitter:data1\" content=\"solivri\" \/>\n\t<meta name=\"twitter:label2\" content=\"Dur\u00e9e de lecture estim\u00e9e\" \/>\n\t<meta name=\"twitter:data2\" content=\"2 minutes\" \/>\n<script type=\"application\/ld+json\" class=\"yoast-schema-graph\">{\"@context\":\"https:\/\/schema.org\",\"@graph\":[{\"@type\":\"NewsArticle\",\"@id\":\"https:\/\/www.justiceinfo.net\/fr\/9821-061008-rwandagacaca-une-anesthesiste-rwandaise-poursuivie-pour-genocide6627.html#article\",\"isPartOf\":{\"@id\":\"https:\/\/www.justiceinfo.net\/fr\/9821-061008-rwandagacaca-une-anesthesiste-rwandaise-poursuivie-pour-genocide6627.html\"},\"author\":{\"name\":\"solivri\",\"@id\":\"https:\/\/www.justiceinfo.net\/fr#\/schema\/person\/6e53cba1629e2e66f3fc1821d3091865\"},\"headline\":\"06.10.08 - RWANDA\/GACACA - UNE ANESTHESISTE RWANDAISE POURSUIVIE POUR GENOCIDE\",\"datePublished\":\"2008-10-05T22:00:00+00:00\",\"mainEntityOfPage\":{\"@id\":\"https:\/\/www.justiceinfo.net\/fr\/9821-061008-rwandagacaca-une-anesthesiste-rwandaise-poursuivie-pour-genocide6627.html\"},\"wordCount\":418,\"commentCount\":0,\"publisher\":{\"@id\":\"https:\/\/www.justiceinfo.net\/fr#organization\"},\"articleSection\":[\"Hirondelle News\"],\"inLanguage\":\"fr-FR\",\"potentialAction\":[{\"@type\":\"CommentAction\",\"name\":\"Comment\",\"target\":[\"https:\/\/www.justiceinfo.net\/fr\/9821-061008-rwandagacaca-une-anesthesiste-rwandaise-poursuivie-pour-genocide6627.html#respond\"]}]},{\"@type\":\"WebPage\",\"@id\":\"https:\/\/www.justiceinfo.net\/fr\/9821-061008-rwandagacaca-une-anesthesiste-rwandaise-poursuivie-pour-genocide6627.html\",\"url\":\"https:\/\/www.justiceinfo.net\/fr\/9821-061008-rwandagacaca-une-anesthesiste-rwandaise-poursuivie-pour-genocide6627.html\",\"name\":\"06.10.08 - RWANDA\/GACACA - UNE ANESTHESISTE RWANDAISE POURSUIVIE POUR GENOCIDE - JusticeInfo.net\",\"isPartOf\":{\"@id\":\"https:\/\/www.justiceinfo.net\/fr#website\"},\"datePublished\":\"2008-10-05T22:00:00+00:00\",\"breadcrumb\":{\"@id\":\"https:\/\/www.justiceinfo.net\/fr\/9821-061008-rwandagacaca-une-anesthesiste-rwandaise-poursuivie-pour-genocide6627.html#breadcrumb\"},\"inLanguage\":\"fr-FR\",\"potentialAction\":[{\"@type\":\"ReadAction\",\"target\":[\"https:\/\/www.justiceinfo.net\/fr\/9821-061008-rwandagacaca-une-anesthesiste-rwandaise-poursuivie-pour-genocide6627.html\"]}]},{\"@type\":\"BreadcrumbList\",\"@id\":\"https:\/\/www.justiceinfo.net\/fr\/9821-061008-rwandagacaca-une-anesthesiste-rwandaise-poursuivie-pour-genocide6627.html#breadcrumb\",\"itemListElement\":[{\"@type\":\"ListItem\",\"position\":1,\"name\":\"Home\",\"item\":\"https:\/\/www.justiceinfo.net\/fr\"},{\"@type\":\"ListItem\",\"position\":2,\"name\":\"06.10.08 - RWANDA\/GACACA - UNE ANESTHESISTE RWANDAISE POURSUIVIE POUR GENOCIDE\"}]},{\"@type\":\"WebSite\",\"@id\":\"https:\/\/www.justiceinfo.net\/fr#website\",\"url\":\"https:\/\/www.justiceinfo.net\/fr\",\"name\":\"JusticeInfo.net\",\"description\":\"La justice doit \u00eatre vue pour \u00eatre rendue\",\"publisher\":{\"@id\":\"https:\/\/www.justiceinfo.net\/fr#organization\"},\"potentialAction\":[{\"@type\":\"SearchAction\",\"target\":{\"@type\":\"EntryPoint\",\"urlTemplate\":\"https:\/\/www.justiceinfo.net\/fr?s={search_term_string}\"},\"query-input\":{\"@type\":\"PropertyValueSpecification\",\"valueRequired\":true,\"valueName\":\"search_term_string\"}}],\"inLanguage\":\"fr-FR\"},{\"@type\":\"Organization\",\"@id\":\"https:\/\/www.justiceinfo.net\/fr#organization\",\"name\":\"Justice Info\",\"url\":\"https:\/\/www.justiceinfo.net\/fr\",\"logo\":{\"@type\":\"ImageObject\",\"inLanguage\":\"fr-FR\",\"@id\":\"https:\/\/www.justiceinfo.net\/fr#\/schema\/logo\/image\/\",\"url\":\"https:\/\/www.justiceinfo.net\/wp-content\/uploads\/justiceinfo_logo-trans_1200x1200px.png\",\"contentUrl\":\"https:\/\/www.justiceinfo.net\/wp-content\/uploads\/justiceinfo_logo-trans_1200x1200px.png\",\"width\":1199,\"height\":1200,\"caption\":\"Justice Info\"},\"image\":{\"@id\":\"https:\/\/www.justiceinfo.net\/fr#\/schema\/logo\/image\/\"},\"sameAs\":[\"https:\/\/www.facebook.com\/JusticeInfo\/\",\"https:\/\/x.com\/justiceinfonet\",\"https:\/\/www.linkedin.com\/company\/justice-info\",\"https:\/\/www.youtube.com\/channel\/UCyCEsARodyuWtkWyhn-e7pA\"]},{\"@type\":\"Person\",\"name\":\"solivri\",\"url\":\"\/fr\/?s=solivri\"}]}<\/script>\n<!-- \/ Yoast SEO Premium plugin. -->","yoast_head_json":{"title":"06.10.08 - RWANDA\/GACACA - UNE ANESTHESISTE RWANDAISE POURSUIVIE POUR GENOCIDE - JusticeInfo.net","robots":{"index":"index","follow":"follow","max-snippet":"max-snippet:-1","max-image-preview":"max-image-preview:large","max-video-preview":"max-video-preview:-1"},"canonical":"https:\/\/www.justiceinfo.net\/fr\/9821-061008-rwandagacaca-une-anesthesiste-rwandaise-poursuivie-pour-genocide6627.html","og_locale":"fr_FR","og_type":"article","og_title":"06.10.08 - RWANDA\/GACACA - UNE ANESTHESISTE RWANDAISE POURSUIVIE POUR GENOCIDE","og_description":"Arusha, 6 octobre 2008 (FH) - Mme Jeanne d'Arc Uwambazimana, m&eacute;decin-anesth&eacute;siste, jug&eacute;e pour g&eacute;nocide depuis deux semaines, compara&icirc;tra &agrave; nouveau mercredi devant une juridiction gacaca du sud du Rwanda, a-t-on appris lundi de source associative locale.","og_url":"https:\/\/www.justiceinfo.net\/fr\/9821-061008-rwandagacaca-une-anesthesiste-rwandaise-poursuivie-pour-genocide6627.html","og_site_name":"JusticeInfo.net","article_publisher":"https:\/\/www.facebook.com\/JusticeInfo\/","article_published_time":"2008-10-05T22:00:00+00:00","og_image":[{"width":1200,"height":630,"url":"https:\/\/www.justiceinfo.net\/wp-content\/uploads\/JusticeInfoNet_logo_1200x630px.jpg","type":"image\/jpeg"}],"author":"solivri","twitter_card":"summary_large_image","twitter_creator":"@justiceinfonet","twitter_site":"@justiceinfonet","twitter_misc":{"\u00c9crit par":"solivri","Dur\u00e9e de lecture estim\u00e9e":"2 minutes"},"schema":{"@context":"https:\/\/schema.org","@graph":[{"@type":"NewsArticle","@id":"https:\/\/www.justiceinfo.net\/fr\/9821-061008-rwandagacaca-une-anesthesiste-rwandaise-poursuivie-pour-genocide6627.html#article","isPartOf":{"@id":"https:\/\/www.justiceinfo.net\/fr\/9821-061008-rwandagacaca-une-anesthesiste-rwandaise-poursuivie-pour-genocide6627.html"},"author":{"name":"solivri","@id":"https:\/\/www.justiceinfo.net\/fr#\/schema\/person\/6e53cba1629e2e66f3fc1821d3091865"},"headline":"06.10.08 - RWANDA\/GACACA - UNE ANESTHESISTE RWANDAISE POURSUIVIE POUR GENOCIDE","datePublished":"2008-10-05T22:00:00+00:00","mainEntityOfPage":{"@id":"https:\/\/www.justiceinfo.net\/fr\/9821-061008-rwandagacaca-une-anesthesiste-rwandaise-poursuivie-pour-genocide6627.html"},"wordCount":418,"commentCount":0,"publisher":{"@id":"https:\/\/www.justiceinfo.net\/fr#organization"},"articleSection":["Hirondelle News"],"inLanguage":"fr-FR","potentialAction":[{"@type":"CommentAction","name":"Comment","target":["https:\/\/www.justiceinfo.net\/fr\/9821-061008-rwandagacaca-une-anesthesiste-rwandaise-poursuivie-pour-genocide6627.html#respond"]}]},{"@type":"WebPage","@id":"https:\/\/www.justiceinfo.net\/fr\/9821-061008-rwandagacaca-une-anesthesiste-rwandaise-poursuivie-pour-genocide6627.html","url":"https:\/\/www.justiceinfo.net\/fr\/9821-061008-rwandagacaca-une-anesthesiste-rwandaise-poursuivie-pour-genocide6627.html","name":"06.10.08 - RWANDA\/GACACA - UNE ANESTHESISTE RWANDAISE POURSUIVIE POUR GENOCIDE - JusticeInfo.net","isPartOf":{"@id":"https:\/\/www.justiceinfo.net\/fr#website"},"datePublished":"2008-10-05T22:00:00+00:00","breadcrumb":{"@id":"https:\/\/www.justiceinfo.net\/fr\/9821-061008-rwandagacaca-une-anesthesiste-rwandaise-poursuivie-pour-genocide6627.html#breadcrumb"},"inLanguage":"fr-FR","potentialAction":[{"@type":"ReadAction","target":["https:\/\/www.justiceinfo.net\/fr\/9821-061008-rwandagacaca-une-anesthesiste-rwandaise-poursuivie-pour-genocide6627.html"]}]},{"@type":"BreadcrumbList","@id":"https:\/\/www.justiceinfo.net\/fr\/9821-061008-rwandagacaca-une-anesthesiste-rwandaise-poursuivie-pour-genocide6627.html#breadcrumb","itemListElement":[{"@type":"ListItem","position":1,"name":"Home","item":"https:\/\/www.justiceinfo.net\/fr"},{"@type":"ListItem","position":2,"name":"06.10.08 - RWANDA\/GACACA - UNE ANESTHESISTE RWANDAISE POURSUIVIE POUR GENOCIDE"}]},{"@type":"WebSite","@id":"https:\/\/www.justiceinfo.net\/fr#website","url":"https:\/\/www.justiceinfo.net\/fr","name":"JusticeInfo.net","description":"La justice doit \u00eatre vue pour \u00eatre rendue","publisher":{"@id":"https:\/\/www.justiceinfo.net\/fr#organization"},"potentialAction":[{"@type":"SearchAction","target":{"@type":"EntryPoint","urlTemplate":"https:\/\/www.justiceinfo.net\/fr?s={search_term_string}"},"query-input":{"@type":"PropertyValueSpecification","valueRequired":true,"valueName":"search_term_string"}}],"inLanguage":"fr-FR"},{"@type":"Organization","@id":"https:\/\/www.justiceinfo.net\/fr#organization","name":"Justice Info","url":"https:\/\/www.justiceinfo.net\/fr","logo":{"@type":"ImageObject","inLanguage":"fr-FR","@id":"https:\/\/www.justiceinfo.net\/fr#\/schema\/logo\/image\/","url":"https:\/\/www.justiceinfo.net\/wp-content\/uploads\/justiceinfo_logo-trans_1200x1200px.png","contentUrl":"https:\/\/www.justiceinfo.net\/wp-content\/uploads\/justiceinfo_logo-trans_1200x1200px.png","width":1199,"height":1200,"caption":"Justice Info"},"image":{"@id":"https:\/\/www.justiceinfo.net\/fr#\/schema\/logo\/image\/"},"sameAs":["https:\/\/www.facebook.com\/JusticeInfo\/","https:\/\/x.com\/justiceinfonet","https:\/\/www.linkedin.com\/company\/justice-info","https:\/\/www.youtube.com\/channel\/UCyCEsARodyuWtkWyhn-e7pA"]},{"@type":"Person","name":"solivri","url":"\/fr\/?s=solivri"}]}},"_links":{"self":[{"href":"https:\/\/www.justiceinfo.net\/fr\/wp-json\/wp\/v2\/posts\/9821","targetHints":{"allow":["GET"]}}],"collection":[{"href":"https:\/\/www.justiceinfo.net\/fr\/wp-json\/wp\/v2\/posts"}],"about":[{"href":"https:\/\/www.justiceinfo.net\/fr\/wp-json\/wp\/v2\/types\/post"}],"author":[{"embeddable":true,"href":"https:\/\/www.justiceinfo.net\/fr\/wp-json\/wp\/v2\/users\/64"}],"replies":[{"embeddable":true,"href":"https:\/\/www.justiceinfo.net\/fr\/wp-json\/wp\/v2\/comments?post=9821"}],"version-history":[{"count":0,"href":"https:\/\/www.justiceinfo.net\/fr\/wp-json\/wp\/v2\/posts\/9821\/revisions"}],"wp:attachment":[{"href":"https:\/\/www.justiceinfo.net\/fr\/wp-json\/wp\/v2\/media?parent=9821"}],"wp:term":[{"taxonomy":"category","embeddable":true,"href":"https:\/\/www.justiceinfo.net\/fr\/wp-json\/wp\/v2\/categories?post=9821"},{"taxonomy":"post_tag","embeddable":true,"href":"https:\/\/www.justiceinfo.net\/fr\/wp-json\/wp\/v2\/tags?post=9821"},{"taxonomy":"ji_location","embeddable":true,"href":"https:\/\/www.justiceinfo.net\/fr\/wp-json\/wp\/v2\/ji_location?post=9821"}],"curies":[{"name":"wp","href":"https:\/\/api.w.org\/{rel}","templated":true}]}}