{"id":9829,"date":"2008-10-07T00:00:00","date_gmt":"2008-10-06T22:00:00","guid":{"rendered":"https:\/\/www.justiceinfo.net\/9829-071009-rwandajustice-le-proces-pour-genocide-de-lex-depute-elysee-bisengimana-sera-revise6635.html"},"modified":"2008-10-07T00:00:00","modified_gmt":"2008-10-06T22:00:00","slug":"071009-rwandajustice-le-proces-pour-genocide-de-lex-depute-elysee-bisengimana-sera-revise6635","status":"publish","type":"post","link":"https:\/\/www.justiceinfo.net\/fr\/9829-071009-rwandajustice-le-proces-pour-genocide-de-lex-depute-elysee-bisengimana-sera-revise6635.html","title":{"rendered":"07.10.09 - RWANDA\/JUSTICE - LE PROCES POUR GENOCIDE DE L'EX-DEPUTE ELYSEE BISENGIMANA SERA REVISE"},"content":{"rendered":"<p>\nRusizi (sud-ouest du Rwanda), 7 octobre 2008 (FH) - Le proc&egrave;s de l'ex-d&eacute;put&eacute; Elys&eacute;e Bisengimana, poursuivi pour crimes de g&eacute;nocide et crimes contre l'humanit&eacute;, sera bient&ocirc;t r&eacute;vis&eacute; par une juridiction gacaca de Huye, dans le sud du Rwanda, apprend-on de sources concordantes.\n<\/p>\n<p><!--more--><\/p>\n<p>\nDes juges de Huye se d&eacute;placeront &agrave; Rusizi, &agrave; plus d'une centaine de kilom&egrave;tres, pour la r&eacute;vision de ce proc&egrave;s. <\/p>\n<p>Avant les derni&egrave;res l&eacute;gislatives du 15 septembre dernier, auxquelles il ne s'est pas pr&eacute;sent&eacute;, Bisengimana &eacute;tait membre de la chambre des d&eacute;put&eacute;s comme membre du Front patriotique rwandais (FPR, au pouvoir). <\/p>\n<p>Poursuivi pour son r&ocirc;le pr&eacute;sum&eacute; dans les massacres des Tutsis qui s'&eacute;taient r&eacute;fugi&eacute;s en 1994 au Groupe scolaire de Gihundwe, dans le district de Rusizi (sud-ouest), dont il &eacute;tait prefet des &eacute;tudes, Bisengimana a &eacute;t&eacute; acquitt&eacute; en 2007 en premi&egrave;re instance, puis en appel. <\/p>\n<p>&laquo; Ce fut un proc&egrave;s tr&egrave;s controvers&eacute; o&ugrave; l'on parlait beaucoup de corruption et d'intimidation ; les victimes ont demand&eacute; la r&eacute;vision (...) Le Service national des juridictions Gacaca (SNJG) vient de nommer &agrave; cet effet une juridiction du district de Huye &raquo;, a indiqu&eacute; &agrave; l'agence Hirondelle Fran&ccedil;ois Kajiwabo, repr&eacute;sentant d'Ibuka, &agrave; Rusizi. Ibuka (souviens-toi, en langue rwandaise) est la principale organisation de survivants du g&eacute;nocide. <\/p>\n<p>&laquo; Nous avons &eacute;t&eacute; contact&eacute;s par le SNJG pour aller juger M. Bisengimana &agrave; Rusizi. C'est un point d'honneur pour nous, mais aussi un grand d&eacute;fi &raquo;, a confirm&eacute; &agrave; l'agence Hirondelle un juge de Huye qui a pr&eacute;f&eacute;r&eacute; garder l'anonymat. &laquo; Rendre la justice l&agrave; o&ugrave; les b&eacute;n&eacute;ficiaires eux-m&ecirc;mes l'ont troqu&eacute;e contre l'argent rend pr&eacute;caire notre s&eacute;curit&eacute; avant, pendant et apr&egrave;s le proc&egrave;s. Mais nous allons montrer que nous sommes int&egrave;gres &raquo;, a-t-il ajout&eacute;. <\/p>\n<p>L'un des juges de Bisengimana en appel, Louis David Rwigemera, qui pr&eacute;sidait le jury, a &eacute;t&eacute; condamn&eacute; le mois dernier &agrave; 5 ans de prison pour corruption. <\/p>\n<p>&laquo; Il appartient &agrave; la juridiction (qui viendra de Huye) de d&eacute;terminer la date du proc&egrave;s, de lancer les assignations et de nous en aviser &raquo;, a pour sa part indiqu&eacute; Albert Ndayisaba du service juridique au SNJG. <\/p>\n<p>Tr&egrave;s contest&eacute; et d&eacute;j&agrave; mis en cause lors de son entr&eacute;e au parlement en 1999, Elys&eacute;e Bisengimana figurait toujours sur une liste de dignitaires accus&eacute;s d'avoir tremp&eacute; dans le g&eacute;nocide perp&eacute;tr&eacute; contre les Tutsis en 1994. Parmi ceux-ci, figure &eacute;galement Alfred Mukezamfura qui &eacute;tait, avant les &eacute;lections de la mi-septembre, pr&eacute;sident de la chambre des d&eacute;put&eacute;s et, selon l'ordre constitutionnel, la troisi&egrave;me personnalit&eacute; du pays. <\/p>\n<p>Son proc&egrave;s pourrait d&eacute;buter le mois prochain devant une juridiction gacaca de Kigali. <\/p>\n<p>Un autre ancien d&eacute;put&eacute;, Etienne Magali, a &eacute;t&eacute;, quant &agrave; lui, fix&eacute; sur son sort, le 21 septembre dernier. La juridiction gacaca du secteur Remera, un quartier de Kigali, l'a condamn&eacute; &agrave; la prison &agrave; vie. <\/p>\n<p>Selon un consensus au sein du Forum des partis, un organe pr&eacute;vu par la Constitution rwandaise, tous les politiques cit&eacute;s dans le contentieux du g&eacute;nocide ne pourront revenir sur la sc&egrave;ne publique qu'une fois absous par la justice. C'est pourquoi tous ceux qui sont mis en cause ont &eacute;t&eacute; exclus de la course aux derni&egrave;res l&eacute;gislatives, a expliqu&eacute; &agrave; l'agence Hirondelle une source proche de ce forum. <\/p>\n<p>SRE\/ER\/GF <\/p>\n<p>&copy; Agence Hirondelle<\/p>\n","protected":false},"excerpt":{"rendered":"<p>Rusizi (sud-ouest du Rwanda), 7 octobre 2008 (FH) - Le proc&egrave;s de l'ex-d&eacute;put&eacute; Elys&eacute;e Bisengimana, poursuivi pour crimes de g&eacute;nocide et crimes contre l'humanit&eacute;, sera bient&ocirc;t r&eacute;vis&eacute; par une juridiction gacaca de Huye, dans le sud du Rwanda, apprend-on de sources concordantes.<\/p>\n","protected":false},"author":64,"featured_media":0,"comment_status":"open","ping_status":"closed","sticky":false,"template":"","format":"standard","meta":{"_acf_changed":false,"footnotes":""},"categories":[554],"tags":[],"ji_location":[],"class_list":["post-9829","post","type-post","status-publish","format-standard","hentry","category-hirondellenews"],"acf":[],"yoast_head":"<!-- This site is optimized with the Yoast SEO Premium plugin v25.3.1 (Yoast SEO v25.3.1) - https:\/\/yoast.com\/wordpress\/plugins\/seo\/ -->\n<title>07.10.09 - RWANDA\/JUSTICE - LE PROCES POUR GENOCIDE DE L&#039;EX-DEPUTE ELYSEE BISENGIMANA SERA REVISE - JusticeInfo.net<\/title>\n<meta name=\"robots\" content=\"index, follow, max-snippet:-1, max-image-preview:large, max-video-preview:-1\" \/>\n<link rel=\"canonical\" href=\"https:\/\/www.justiceinfo.net\/fr\/9829-071009-rwandajustice-le-proces-pour-genocide-de-lex-depute-elysee-bisengimana-sera-revise6635.html\" \/>\n<meta property=\"og:locale\" content=\"fr_FR\" \/>\n<meta property=\"og:type\" content=\"article\" \/>\n<meta property=\"og:title\" content=\"07.10.09 - RWANDA\/JUSTICE - LE PROCES POUR GENOCIDE DE L&#039;EX-DEPUTE ELYSEE BISENGIMANA SERA REVISE\" \/>\n<meta property=\"og:description\" content=\"Rusizi (sud-ouest du Rwanda), 7 octobre 2008 (FH) - Le proc&egrave;s de l&#039;ex-d&eacute;put&eacute; Elys&eacute;e Bisengimana, poursuivi pour crimes de g&eacute;nocide et crimes contre l&#039;humanit&eacute;, sera bient&ocirc;t r&eacute;vis&eacute; par une juridiction gacaca de Huye, dans le sud du Rwanda, apprend-on de sources concordantes.\" \/>\n<meta property=\"og:url\" content=\"https:\/\/www.justiceinfo.net\/fr\/9829-071009-rwandajustice-le-proces-pour-genocide-de-lex-depute-elysee-bisengimana-sera-revise6635.html\" \/>\n<meta property=\"og:site_name\" content=\"JusticeInfo.net\" \/>\n<meta property=\"article:publisher\" content=\"https:\/\/www.facebook.com\/JusticeInfo\/\" \/>\n<meta property=\"article:published_time\" content=\"2008-10-06T22:00:00+00:00\" \/>\n<meta property=\"og:image\" content=\"https:\/\/www.justiceinfo.net\/wp-content\/uploads\/JusticeInfoNet_logo_1200x630px.jpg\" \/>\n\t<meta property=\"og:image:width\" content=\"1200\" \/>\n\t<meta property=\"og:image:height\" content=\"630\" \/>\n\t<meta property=\"og:image:type\" content=\"image\/jpeg\" \/>\n<meta name=\"author\" content=\"solivri\" \/>\n<meta name=\"twitter:card\" content=\"summary_large_image\" \/>\n<meta name=\"twitter:creator\" content=\"@justiceinfonet\" \/>\n<meta name=\"twitter:site\" content=\"@justiceinfonet\" \/>\n<meta name=\"twitter:label1\" content=\"\u00c9crit par\" \/>\n\t<meta name=\"twitter:data1\" content=\"solivri\" \/>\n\t<meta name=\"twitter:label2\" content=\"Dur\u00e9e de lecture estim\u00e9e\" \/>\n\t<meta name=\"twitter:data2\" content=\"3 minutes\" \/>\n<script type=\"application\/ld+json\" class=\"yoast-schema-graph\">{\"@context\":\"https:\/\/schema.org\",\"@graph\":[{\"@type\":\"NewsArticle\",\"@id\":\"https:\/\/www.justiceinfo.net\/fr\/9829-071009-rwandajustice-le-proces-pour-genocide-de-lex-depute-elysee-bisengimana-sera-revise6635.html#article\",\"isPartOf\":{\"@id\":\"https:\/\/www.justiceinfo.net\/fr\/9829-071009-rwandajustice-le-proces-pour-genocide-de-lex-depute-elysee-bisengimana-sera-revise6635.html\"},\"author\":{\"name\":\"solivri\",\"@id\":\"https:\/\/www.justiceinfo.net\/fr#\/schema\/person\/6e53cba1629e2e66f3fc1821d3091865\"},\"headline\":\"07.10.09 - RWANDA\/JUSTICE - LE PROCES POUR GENOCIDE DE L'EX-DEPUTE ELYSEE BISENGIMANA SERA REVISE\",\"datePublished\":\"2008-10-06T22:00:00+00:00\",\"mainEntityOfPage\":{\"@id\":\"https:\/\/www.justiceinfo.net\/fr\/9829-071009-rwandajustice-le-proces-pour-genocide-de-lex-depute-elysee-bisengimana-sera-revise6635.html\"},\"wordCount\":725,\"commentCount\":0,\"publisher\":{\"@id\":\"https:\/\/www.justiceinfo.net\/fr#organization\"},\"articleSection\":[\"Hirondelle News\"],\"inLanguage\":\"fr-FR\",\"potentialAction\":[{\"@type\":\"CommentAction\",\"name\":\"Comment\",\"target\":[\"https:\/\/www.justiceinfo.net\/fr\/9829-071009-rwandajustice-le-proces-pour-genocide-de-lex-depute-elysee-bisengimana-sera-revise6635.html#respond\"]}]},{\"@type\":\"WebPage\",\"@id\":\"https:\/\/www.justiceinfo.net\/fr\/9829-071009-rwandajustice-le-proces-pour-genocide-de-lex-depute-elysee-bisengimana-sera-revise6635.html\",\"url\":\"https:\/\/www.justiceinfo.net\/fr\/9829-071009-rwandajustice-le-proces-pour-genocide-de-lex-depute-elysee-bisengimana-sera-revise6635.html\",\"name\":\"07.10.09 - RWANDA\/JUSTICE - LE PROCES POUR GENOCIDE DE L'EX-DEPUTE ELYSEE BISENGIMANA SERA REVISE - JusticeInfo.net\",\"isPartOf\":{\"@id\":\"https:\/\/www.justiceinfo.net\/fr#website\"},\"datePublished\":\"2008-10-06T22:00:00+00:00\",\"breadcrumb\":{\"@id\":\"https:\/\/www.justiceinfo.net\/fr\/9829-071009-rwandajustice-le-proces-pour-genocide-de-lex-depute-elysee-bisengimana-sera-revise6635.html#breadcrumb\"},\"inLanguage\":\"fr-FR\",\"potentialAction\":[{\"@type\":\"ReadAction\",\"target\":[\"https:\/\/www.justiceinfo.net\/fr\/9829-071009-rwandajustice-le-proces-pour-genocide-de-lex-depute-elysee-bisengimana-sera-revise6635.html\"]}]},{\"@type\":\"BreadcrumbList\",\"@id\":\"https:\/\/www.justiceinfo.net\/fr\/9829-071009-rwandajustice-le-proces-pour-genocide-de-lex-depute-elysee-bisengimana-sera-revise6635.html#breadcrumb\",\"itemListElement\":[{\"@type\":\"ListItem\",\"position\":1,\"name\":\"Home\",\"item\":\"https:\/\/www.justiceinfo.net\/fr\"},{\"@type\":\"ListItem\",\"position\":2,\"name\":\"07.10.09 - RWANDA\/JUSTICE - LE PROCES POUR GENOCIDE DE L'EX-DEPUTE ELYSEE BISENGIMANA SERA REVISE\"}]},{\"@type\":\"WebSite\",\"@id\":\"https:\/\/www.justiceinfo.net\/fr#website\",\"url\":\"https:\/\/www.justiceinfo.net\/fr\",\"name\":\"JusticeInfo.net\",\"description\":\"La justice doit \u00eatre vue pour \u00eatre rendue\",\"publisher\":{\"@id\":\"https:\/\/www.justiceinfo.net\/fr#organization\"},\"potentialAction\":[{\"@type\":\"SearchAction\",\"target\":{\"@type\":\"EntryPoint\",\"urlTemplate\":\"https:\/\/www.justiceinfo.net\/fr?s={search_term_string}\"},\"query-input\":{\"@type\":\"PropertyValueSpecification\",\"valueRequired\":true,\"valueName\":\"search_term_string\"}}],\"inLanguage\":\"fr-FR\"},{\"@type\":\"Organization\",\"@id\":\"https:\/\/www.justiceinfo.net\/fr#organization\",\"name\":\"Justice Info\",\"url\":\"https:\/\/www.justiceinfo.net\/fr\",\"logo\":{\"@type\":\"ImageObject\",\"inLanguage\":\"fr-FR\",\"@id\":\"https:\/\/www.justiceinfo.net\/fr#\/schema\/logo\/image\/\",\"url\":\"https:\/\/www.justiceinfo.net\/wp-content\/uploads\/justiceinfo_logo-trans_1200x1200px.png\",\"contentUrl\":\"https:\/\/www.justiceinfo.net\/wp-content\/uploads\/justiceinfo_logo-trans_1200x1200px.png\",\"width\":1199,\"height\":1200,\"caption\":\"Justice Info\"},\"image\":{\"@id\":\"https:\/\/www.justiceinfo.net\/fr#\/schema\/logo\/image\/\"},\"sameAs\":[\"https:\/\/www.facebook.com\/JusticeInfo\/\",\"https:\/\/x.com\/justiceinfonet\",\"https:\/\/www.linkedin.com\/company\/justice-info\",\"https:\/\/www.youtube.com\/channel\/UCyCEsARodyuWtkWyhn-e7pA\"]},{\"@type\":\"Person\",\"name\":\"solivri\",\"url\":\"\/fr\/?s=solivri\"}]}<\/script>\n<!-- \/ Yoast SEO Premium plugin. -->","yoast_head_json":{"title":"07.10.09 - RWANDA\/JUSTICE - LE PROCES POUR GENOCIDE DE L'EX-DEPUTE ELYSEE BISENGIMANA SERA REVISE - JusticeInfo.net","robots":{"index":"index","follow":"follow","max-snippet":"max-snippet:-1","max-image-preview":"max-image-preview:large","max-video-preview":"max-video-preview:-1"},"canonical":"https:\/\/www.justiceinfo.net\/fr\/9829-071009-rwandajustice-le-proces-pour-genocide-de-lex-depute-elysee-bisengimana-sera-revise6635.html","og_locale":"fr_FR","og_type":"article","og_title":"07.10.09 - RWANDA\/JUSTICE - LE PROCES POUR GENOCIDE DE L'EX-DEPUTE ELYSEE BISENGIMANA SERA REVISE","og_description":"Rusizi (sud-ouest du Rwanda), 7 octobre 2008 (FH) - Le proc&egrave;s de l'ex-d&eacute;put&eacute; Elys&eacute;e Bisengimana, poursuivi pour crimes de g&eacute;nocide et crimes contre l'humanit&eacute;, sera bient&ocirc;t r&eacute;vis&eacute; par une juridiction gacaca de Huye, dans le sud du Rwanda, apprend-on de sources concordantes.","og_url":"https:\/\/www.justiceinfo.net\/fr\/9829-071009-rwandajustice-le-proces-pour-genocide-de-lex-depute-elysee-bisengimana-sera-revise6635.html","og_site_name":"JusticeInfo.net","article_publisher":"https:\/\/www.facebook.com\/JusticeInfo\/","article_published_time":"2008-10-06T22:00:00+00:00","og_image":[{"width":1200,"height":630,"url":"https:\/\/www.justiceinfo.net\/wp-content\/uploads\/JusticeInfoNet_logo_1200x630px.jpg","type":"image\/jpeg"}],"author":"solivri","twitter_card":"summary_large_image","twitter_creator":"@justiceinfonet","twitter_site":"@justiceinfonet","twitter_misc":{"\u00c9crit par":"solivri","Dur\u00e9e de lecture estim\u00e9e":"3 minutes"},"schema":{"@context":"https:\/\/schema.org","@graph":[{"@type":"NewsArticle","@id":"https:\/\/www.justiceinfo.net\/fr\/9829-071009-rwandajustice-le-proces-pour-genocide-de-lex-depute-elysee-bisengimana-sera-revise6635.html#article","isPartOf":{"@id":"https:\/\/www.justiceinfo.net\/fr\/9829-071009-rwandajustice-le-proces-pour-genocide-de-lex-depute-elysee-bisengimana-sera-revise6635.html"},"author":{"name":"solivri","@id":"https:\/\/www.justiceinfo.net\/fr#\/schema\/person\/6e53cba1629e2e66f3fc1821d3091865"},"headline":"07.10.09 - RWANDA\/JUSTICE - LE PROCES POUR GENOCIDE DE L'EX-DEPUTE ELYSEE BISENGIMANA SERA REVISE","datePublished":"2008-10-06T22:00:00+00:00","mainEntityOfPage":{"@id":"https:\/\/www.justiceinfo.net\/fr\/9829-071009-rwandajustice-le-proces-pour-genocide-de-lex-depute-elysee-bisengimana-sera-revise6635.html"},"wordCount":725,"commentCount":0,"publisher":{"@id":"https:\/\/www.justiceinfo.net\/fr#organization"},"articleSection":["Hirondelle News"],"inLanguage":"fr-FR","potentialAction":[{"@type":"CommentAction","name":"Comment","target":["https:\/\/www.justiceinfo.net\/fr\/9829-071009-rwandajustice-le-proces-pour-genocide-de-lex-depute-elysee-bisengimana-sera-revise6635.html#respond"]}]},{"@type":"WebPage","@id":"https:\/\/www.justiceinfo.net\/fr\/9829-071009-rwandajustice-le-proces-pour-genocide-de-lex-depute-elysee-bisengimana-sera-revise6635.html","url":"https:\/\/www.justiceinfo.net\/fr\/9829-071009-rwandajustice-le-proces-pour-genocide-de-lex-depute-elysee-bisengimana-sera-revise6635.html","name":"07.10.09 - RWANDA\/JUSTICE - LE PROCES POUR GENOCIDE DE L'EX-DEPUTE ELYSEE BISENGIMANA SERA REVISE - JusticeInfo.net","isPartOf":{"@id":"https:\/\/www.justiceinfo.net\/fr#website"},"datePublished":"2008-10-06T22:00:00+00:00","breadcrumb":{"@id":"https:\/\/www.justiceinfo.net\/fr\/9829-071009-rwandajustice-le-proces-pour-genocide-de-lex-depute-elysee-bisengimana-sera-revise6635.html#breadcrumb"},"inLanguage":"fr-FR","potentialAction":[{"@type":"ReadAction","target":["https:\/\/www.justiceinfo.net\/fr\/9829-071009-rwandajustice-le-proces-pour-genocide-de-lex-depute-elysee-bisengimana-sera-revise6635.html"]}]},{"@type":"BreadcrumbList","@id":"https:\/\/www.justiceinfo.net\/fr\/9829-071009-rwandajustice-le-proces-pour-genocide-de-lex-depute-elysee-bisengimana-sera-revise6635.html#breadcrumb","itemListElement":[{"@type":"ListItem","position":1,"name":"Home","item":"https:\/\/www.justiceinfo.net\/fr"},{"@type":"ListItem","position":2,"name":"07.10.09 - RWANDA\/JUSTICE - LE PROCES POUR GENOCIDE DE L'EX-DEPUTE ELYSEE BISENGIMANA SERA REVISE"}]},{"@type":"WebSite","@id":"https:\/\/www.justiceinfo.net\/fr#website","url":"https:\/\/www.justiceinfo.net\/fr","name":"JusticeInfo.net","description":"La justice doit \u00eatre vue pour \u00eatre rendue","publisher":{"@id":"https:\/\/www.justiceinfo.net\/fr#organization"},"potentialAction":[{"@type":"SearchAction","target":{"@type":"EntryPoint","urlTemplate":"https:\/\/www.justiceinfo.net\/fr?s={search_term_string}"},"query-input":{"@type":"PropertyValueSpecification","valueRequired":true,"valueName":"search_term_string"}}],"inLanguage":"fr-FR"},{"@type":"Organization","@id":"https:\/\/www.justiceinfo.net\/fr#organization","name":"Justice Info","url":"https:\/\/www.justiceinfo.net\/fr","logo":{"@type":"ImageObject","inLanguage":"fr-FR","@id":"https:\/\/www.justiceinfo.net\/fr#\/schema\/logo\/image\/","url":"https:\/\/www.justiceinfo.net\/wp-content\/uploads\/justiceinfo_logo-trans_1200x1200px.png","contentUrl":"https:\/\/www.justiceinfo.net\/wp-content\/uploads\/justiceinfo_logo-trans_1200x1200px.png","width":1199,"height":1200,"caption":"Justice Info"},"image":{"@id":"https:\/\/www.justiceinfo.net\/fr#\/schema\/logo\/image\/"},"sameAs":["https:\/\/www.facebook.com\/JusticeInfo\/","https:\/\/x.com\/justiceinfonet","https:\/\/www.linkedin.com\/company\/justice-info","https:\/\/www.youtube.com\/channel\/UCyCEsARodyuWtkWyhn-e7pA"]},{"@type":"Person","name":"solivri","url":"\/fr\/?s=solivri"}]}},"_links":{"self":[{"href":"https:\/\/www.justiceinfo.net\/fr\/wp-json\/wp\/v2\/posts\/9829","targetHints":{"allow":["GET"]}}],"collection":[{"href":"https:\/\/www.justiceinfo.net\/fr\/wp-json\/wp\/v2\/posts"}],"about":[{"href":"https:\/\/www.justiceinfo.net\/fr\/wp-json\/wp\/v2\/types\/post"}],"author":[{"embeddable":true,"href":"https:\/\/www.justiceinfo.net\/fr\/wp-json\/wp\/v2\/users\/64"}],"replies":[{"embeddable":true,"href":"https:\/\/www.justiceinfo.net\/fr\/wp-json\/wp\/v2\/comments?post=9829"}],"version-history":[{"count":0,"href":"https:\/\/www.justiceinfo.net\/fr\/wp-json\/wp\/v2\/posts\/9829\/revisions"}],"wp:attachment":[{"href":"https:\/\/www.justiceinfo.net\/fr\/wp-json\/wp\/v2\/media?parent=9829"}],"wp:term":[{"taxonomy":"category","embeddable":true,"href":"https:\/\/www.justiceinfo.net\/fr\/wp-json\/wp\/v2\/categories?post=9829"},{"taxonomy":"post_tag","embeddable":true,"href":"https:\/\/www.justiceinfo.net\/fr\/wp-json\/wp\/v2\/tags?post=9829"},{"taxonomy":"ji_location","embeddable":true,"href":"https:\/\/www.justiceinfo.net\/fr\/wp-json\/wp\/v2\/ji_location?post=9829"}],"curies":[{"name":"wp","href":"https:\/\/api.w.org\/{rel}","templated":true}]}}