{"id":9843,"date":"2008-10-09T00:00:00","date_gmt":"2008-10-08T22:00:00","guid":{"rendered":"https:\/\/www.justiceinfo.net\/9843-091008-rwandaonu-dallaire-contre-bugingo-a-luniversite-de-montreal6649.html"},"modified":"2008-10-09T00:00:00","modified_gmt":"2008-10-08T22:00:00","slug":"091008-rwandaonu-dallaire-contre-bugingo-a-luniversite-de-montreal6649","status":"publish","type":"post","link":"https:\/\/www.justiceinfo.net\/fr\/9843-091008-rwandaonu-dallaire-contre-bugingo-a-luniversite-de-montreal6649.html","title":{"rendered":"09.10.08 - RWANDA\/ONU - DALLAIRE CONTRE BUGINGO A L'UNIVERSITE DE MONTREAL"},"content":{"rendered":"<p>Montr&eacute;al, 9 octobre 2008 (FH) - Romeo Dallaire, ancien responsable militaire des Nations Unies lors du g&eacute;nocide de 1994 au Rwanda va participer le 14 octobre prochain &agrave; une conf&eacute;rence organis&eacute;e &agrave; l'Universite de Montr&eacute;al sur le th&egrave;me : &laquo; Du Rwanda au Darfour; l'&oelig;uvre des Casques Bleus, la part des m&eacute;dias &raquo;.<br \/>\n<!--more--><\/p>\n<p>\nIl sera confront&eacute; &agrave; Francois Bugingo, un journaliste canadien qui a couvert le g&eacute;nocide rwandais (800.000 morts selon l'ONU) &agrave; partir du 5 mai 1994. N&eacute; &agrave; Kisangani d'un p&egrave;re rwandais refugi&eacute; au Za&iuml;re, Bugingo qui est vice-pr&eacute;sident de Reporters sans fronti&egrave;re (RSF) n'a eu de cesse de bl&acirc;mer depuis la MINUAR (Mission des Nations unies pour l'assistance au Rwanda, dirig&eacute;e par M. Dallaire) pour n'avoir jamais enfreint les r&egrave;gles d'engagement de l'ONU, qui ne permettaient de recourir &agrave; la force qu'en cas de l&eacute;gitime d&eacute;fense. <\/p>\n<p>&laquo; &Agrave; l'&eacute;poque, tout les observateurs pr&eacute;sents au Rwanda comprenaient le r&ocirc;le de la Radio Mille collines: elle diffusait dans les campagnes des messages d'incitation au massacre. (...) &Agrave; chaque fois qu'on demande &agrave; Dallaire: &quot;Mais pourquoi vous ne l'avez pas faite bombarder, m&ecirc;me par accident ?&quot;, il r&eacute;pond: &quot;Je n'en n'avais pas l'ordre&quot; &raquo;, a expliqu&eacute; Bugingo &agrave; l'agence Hirondelle il y a un an, avant que M. Dallaire ne vienne t&eacute;moigner au proc&egrave;s de D&eacute;sir&eacute; Munyaneza, un Rwandais jug&eacute; &agrave; Montr&eacute;al pour sa participation pr&eacute;sum&eacute;e au g&eacute;nocide. <\/p>\n<p>Selon lui, l'officier canadien &laquo; a pr&eacute;f&eacute;r&eacute; sacrifier des Rwandais plut&ocirc;t que risquer de passer devant la cour martiale...&raquo; <\/p>\n<p>L'ancien commandant de la MINUAR, qui a souffert d'une grave d&eacute;pression &agrave; la suite du g&eacute;nocide, est devenu une ic&ocirc;ne dans son pays et a &eacute;t&eacute; nomm&eacute; s&eacute;nateur en 2005. Il a souvent r&eacute;p&eacute;t&eacute; qu'il avait eu le sentiment d'avoir &eacute;t&eacute; &laquo; abandonn&eacute; &raquo; par la communaut&eacute; internationale, tant le Rwanda ne rev&ecirc;tait qu'un faible int&eacute;r&ecirc;t g&eacute;ostrat&eacute;gique. <\/p>\n<p>Le g&eacute;n&eacute;ral trois &eacute;toiles estime notamment que les m&eacute;dias n'ont pas suffisamment alert&eacute;s le monde de ce qui se d&eacute;roulait au pays des milles collines. Lors d'un colloque d&eacute;ja organis&eacute; &agrave; Montr&eacute;al en 1994 il avait d&eacute;ja d&eacute;velopp&eacute; cette th&egrave;se alors que plusieurs journalistes presents lors des faits lui avaient expliqu&eacute; le contraire. <\/p>\n<p>&laquo;Mes soldats ont mis leur vie en danger pour accompagner des journalistes et faire sortir des histoires. Pourtant, &ccedil;a ne voulait pas dire que &ccedil;a allait passer &agrave; la radio ou &agrave; la t&eacute;l&eacute;vision ailleurs dans le monde. Les faits n'&eacute;taient pas toujours relay&eacute;s&raquo;, d&eacute;clarait-il r&eacute;cemment au journal Forum, hebdomadaire officiel de l'Universit&eacute; de Montr&eacute;al. <\/p>\n<p>Sur le terrain de la critique des m&eacute;dias, M. Bubingo rejoint en partie la position de Rom&eacute;o Dallaire. &laquo;Pourquoi n'est-on pas encore capable de renverser la machine [m&eacute;diatique] et faire en sorte que se r&egrave;glent certains conflits, s'est interog&eacute; recemment le journaliste dans le journal Forum. &Agrave; quoi &ccedil;a sert de savoir tout &ccedil;a? A-t-on vraiment appris de nos erreurs? &raquo; <\/p>\n<p>CS\/PB\/GF<br \/>\n&copy; Agence Hirondelle<\/p>\n","protected":false},"excerpt":{"rendered":"<p>Montr&eacute;al, 9 octobre 2008 (FH) - Romeo Dallaire, ancien responsable militaire des Nations Unies lors du g&eacute;nocide de 1994 au Rwanda va participer le 14 octobre prochain &agrave; une conf&eacute;rence organis&eacute;e &agrave; l'Universite de Montr&eacute;al sur le th&egrave;me : &laquo; Du Rwanda au Darfour; l'&oelig;uvre des Casques Bleus, la part des m&eacute;dias &raquo;.<\/p>\n","protected":false},"author":64,"featured_media":0,"comment_status":"open","ping_status":"closed","sticky":false,"template":"","format":"standard","meta":{"_acf_changed":false,"footnotes":""},"categories":[554],"tags":[],"ji_location":[],"class_list":["post-9843","post","type-post","status-publish","format-standard","hentry","category-hirondellenews"],"acf":[],"yoast_head":"<!-- This site is optimized with the Yoast SEO Premium plugin v25.3.1 (Yoast SEO v25.3.1) - https:\/\/yoast.com\/wordpress\/plugins\/seo\/ -->\n<title>09.10.08 - RWANDA\/ONU - DALLAIRE CONTRE BUGINGO A L&#039;UNIVERSITE DE MONTREAL - JusticeInfo.net<\/title>\n<meta name=\"robots\" content=\"index, follow, max-snippet:-1, max-image-preview:large, max-video-preview:-1\" \/>\n<link rel=\"canonical\" href=\"https:\/\/www.justiceinfo.net\/fr\/9843-091008-rwandaonu-dallaire-contre-bugingo-a-luniversite-de-montreal6649.html\" \/>\n<meta property=\"og:locale\" content=\"fr_FR\" \/>\n<meta property=\"og:type\" content=\"article\" \/>\n<meta property=\"og:title\" content=\"09.10.08 - RWANDA\/ONU - DALLAIRE CONTRE BUGINGO A L&#039;UNIVERSITE DE MONTREAL\" \/>\n<meta property=\"og:description\" content=\"Montr&eacute;al, 9 octobre 2008 (FH) - Romeo Dallaire, ancien responsable militaire des Nations Unies lors du g&eacute;nocide de 1994 au Rwanda va participer le 14 octobre prochain &agrave; une conf&eacute;rence organis&eacute;e &agrave; l&#039;Universite de Montr&eacute;al sur le th&egrave;me : &laquo; Du Rwanda au Darfour; l&#039;&oelig;uvre des Casques Bleus, la part des m&eacute;dias &raquo;.\" \/>\n<meta property=\"og:url\" content=\"https:\/\/www.justiceinfo.net\/fr\/9843-091008-rwandaonu-dallaire-contre-bugingo-a-luniversite-de-montreal6649.html\" \/>\n<meta property=\"og:site_name\" content=\"JusticeInfo.net\" \/>\n<meta property=\"article:publisher\" content=\"https:\/\/www.facebook.com\/JusticeInfo\/\" \/>\n<meta property=\"article:published_time\" content=\"2008-10-08T22:00:00+00:00\" \/>\n<meta property=\"og:image\" content=\"https:\/\/www.justiceinfo.net\/wp-content\/uploads\/JusticeInfoNet_logo_1200x630px.jpg\" \/>\n\t<meta property=\"og:image:width\" content=\"1200\" \/>\n\t<meta property=\"og:image:height\" content=\"630\" \/>\n\t<meta property=\"og:image:type\" content=\"image\/jpeg\" \/>\n<meta name=\"author\" content=\"solivri\" \/>\n<meta name=\"twitter:card\" content=\"summary_large_image\" \/>\n<meta name=\"twitter:creator\" content=\"@justiceinfonet\" \/>\n<meta name=\"twitter:site\" content=\"@justiceinfonet\" \/>\n<meta name=\"twitter:label1\" content=\"\u00c9crit par\" \/>\n\t<meta name=\"twitter:data1\" content=\"solivri\" \/>\n\t<meta name=\"twitter:label2\" content=\"Dur\u00e9e de lecture estim\u00e9e\" \/>\n\t<meta name=\"twitter:data2\" content=\"3 minutes\" \/>\n<script type=\"application\/ld+json\" class=\"yoast-schema-graph\">{\"@context\":\"https:\/\/schema.org\",\"@graph\":[{\"@type\":\"NewsArticle\",\"@id\":\"https:\/\/www.justiceinfo.net\/fr\/9843-091008-rwandaonu-dallaire-contre-bugingo-a-luniversite-de-montreal6649.html#article\",\"isPartOf\":{\"@id\":\"https:\/\/www.justiceinfo.net\/fr\/9843-091008-rwandaonu-dallaire-contre-bugingo-a-luniversite-de-montreal6649.html\"},\"author\":{\"name\":\"solivri\",\"@id\":\"https:\/\/www.justiceinfo.net\/fr#\/schema\/person\/6e53cba1629e2e66f3fc1821d3091865\"},\"headline\":\"09.10.08 - RWANDA\/ONU - DALLAIRE CONTRE BUGINGO A L'UNIVERSITE DE MONTREAL\",\"datePublished\":\"2008-10-08T22:00:00+00:00\",\"mainEntityOfPage\":{\"@id\":\"https:\/\/www.justiceinfo.net\/fr\/9843-091008-rwandaonu-dallaire-contre-bugingo-a-luniversite-de-montreal6649.html\"},\"wordCount\":669,\"commentCount\":0,\"publisher\":{\"@id\":\"https:\/\/www.justiceinfo.net\/fr#organization\"},\"articleSection\":[\"Hirondelle News\"],\"inLanguage\":\"fr-FR\",\"potentialAction\":[{\"@type\":\"CommentAction\",\"name\":\"Comment\",\"target\":[\"https:\/\/www.justiceinfo.net\/fr\/9843-091008-rwandaonu-dallaire-contre-bugingo-a-luniversite-de-montreal6649.html#respond\"]}]},{\"@type\":\"WebPage\",\"@id\":\"https:\/\/www.justiceinfo.net\/fr\/9843-091008-rwandaonu-dallaire-contre-bugingo-a-luniversite-de-montreal6649.html\",\"url\":\"https:\/\/www.justiceinfo.net\/fr\/9843-091008-rwandaonu-dallaire-contre-bugingo-a-luniversite-de-montreal6649.html\",\"name\":\"09.10.08 - RWANDA\/ONU - DALLAIRE CONTRE BUGINGO A L'UNIVERSITE DE MONTREAL - JusticeInfo.net\",\"isPartOf\":{\"@id\":\"https:\/\/www.justiceinfo.net\/fr#website\"},\"datePublished\":\"2008-10-08T22:00:00+00:00\",\"breadcrumb\":{\"@id\":\"https:\/\/www.justiceinfo.net\/fr\/9843-091008-rwandaonu-dallaire-contre-bugingo-a-luniversite-de-montreal6649.html#breadcrumb\"},\"inLanguage\":\"fr-FR\",\"potentialAction\":[{\"@type\":\"ReadAction\",\"target\":[\"https:\/\/www.justiceinfo.net\/fr\/9843-091008-rwandaonu-dallaire-contre-bugingo-a-luniversite-de-montreal6649.html\"]}]},{\"@type\":\"BreadcrumbList\",\"@id\":\"https:\/\/www.justiceinfo.net\/fr\/9843-091008-rwandaonu-dallaire-contre-bugingo-a-luniversite-de-montreal6649.html#breadcrumb\",\"itemListElement\":[{\"@type\":\"ListItem\",\"position\":1,\"name\":\"Home\",\"item\":\"https:\/\/www.justiceinfo.net\/fr\"},{\"@type\":\"ListItem\",\"position\":2,\"name\":\"09.10.08 - RWANDA\/ONU - DALLAIRE CONTRE BUGINGO A L'UNIVERSITE DE MONTREAL\"}]},{\"@type\":\"WebSite\",\"@id\":\"https:\/\/www.justiceinfo.net\/fr#website\",\"url\":\"https:\/\/www.justiceinfo.net\/fr\",\"name\":\"JusticeInfo.net\",\"description\":\"La justice doit \u00eatre vue pour \u00eatre rendue\",\"publisher\":{\"@id\":\"https:\/\/www.justiceinfo.net\/fr#organization\"},\"potentialAction\":[{\"@type\":\"SearchAction\",\"target\":{\"@type\":\"EntryPoint\",\"urlTemplate\":\"https:\/\/www.justiceinfo.net\/fr?s={search_term_string}\"},\"query-input\":{\"@type\":\"PropertyValueSpecification\",\"valueRequired\":true,\"valueName\":\"search_term_string\"}}],\"inLanguage\":\"fr-FR\"},{\"@type\":\"Organization\",\"@id\":\"https:\/\/www.justiceinfo.net\/fr#organization\",\"name\":\"Justice Info\",\"url\":\"https:\/\/www.justiceinfo.net\/fr\",\"logo\":{\"@type\":\"ImageObject\",\"inLanguage\":\"fr-FR\",\"@id\":\"https:\/\/www.justiceinfo.net\/fr#\/schema\/logo\/image\/\",\"url\":\"https:\/\/www.justiceinfo.net\/wp-content\/uploads\/justiceinfo_logo-trans_1200x1200px.png\",\"contentUrl\":\"https:\/\/www.justiceinfo.net\/wp-content\/uploads\/justiceinfo_logo-trans_1200x1200px.png\",\"width\":1199,\"height\":1200,\"caption\":\"Justice Info\"},\"image\":{\"@id\":\"https:\/\/www.justiceinfo.net\/fr#\/schema\/logo\/image\/\"},\"sameAs\":[\"https:\/\/www.facebook.com\/JusticeInfo\/\",\"https:\/\/x.com\/justiceinfonet\",\"https:\/\/www.linkedin.com\/company\/justice-info\",\"https:\/\/www.youtube.com\/channel\/UCyCEsARodyuWtkWyhn-e7pA\"]},{\"@type\":\"Person\",\"name\":\"solivri\",\"url\":\"\/fr\/?s=solivri\"}]}<\/script>\n<!-- \/ Yoast SEO Premium plugin. -->","yoast_head_json":{"title":"09.10.08 - RWANDA\/ONU - DALLAIRE CONTRE BUGINGO A L'UNIVERSITE DE MONTREAL - JusticeInfo.net","robots":{"index":"index","follow":"follow","max-snippet":"max-snippet:-1","max-image-preview":"max-image-preview:large","max-video-preview":"max-video-preview:-1"},"canonical":"https:\/\/www.justiceinfo.net\/fr\/9843-091008-rwandaonu-dallaire-contre-bugingo-a-luniversite-de-montreal6649.html","og_locale":"fr_FR","og_type":"article","og_title":"09.10.08 - RWANDA\/ONU - DALLAIRE CONTRE BUGINGO A L'UNIVERSITE DE MONTREAL","og_description":"Montr&eacute;al, 9 octobre 2008 (FH) - Romeo Dallaire, ancien responsable militaire des Nations Unies lors du g&eacute;nocide de 1994 au Rwanda va participer le 14 octobre prochain &agrave; une conf&eacute;rence organis&eacute;e &agrave; l'Universite de Montr&eacute;al sur le th&egrave;me : &laquo; Du Rwanda au Darfour; l'&oelig;uvre des Casques Bleus, la part des m&eacute;dias &raquo;.","og_url":"https:\/\/www.justiceinfo.net\/fr\/9843-091008-rwandaonu-dallaire-contre-bugingo-a-luniversite-de-montreal6649.html","og_site_name":"JusticeInfo.net","article_publisher":"https:\/\/www.facebook.com\/JusticeInfo\/","article_published_time":"2008-10-08T22:00:00+00:00","og_image":[{"width":1200,"height":630,"url":"https:\/\/www.justiceinfo.net\/wp-content\/uploads\/JusticeInfoNet_logo_1200x630px.jpg","type":"image\/jpeg"}],"author":"solivri","twitter_card":"summary_large_image","twitter_creator":"@justiceinfonet","twitter_site":"@justiceinfonet","twitter_misc":{"\u00c9crit par":"solivri","Dur\u00e9e de lecture estim\u00e9e":"3 minutes"},"schema":{"@context":"https:\/\/schema.org","@graph":[{"@type":"NewsArticle","@id":"https:\/\/www.justiceinfo.net\/fr\/9843-091008-rwandaonu-dallaire-contre-bugingo-a-luniversite-de-montreal6649.html#article","isPartOf":{"@id":"https:\/\/www.justiceinfo.net\/fr\/9843-091008-rwandaonu-dallaire-contre-bugingo-a-luniversite-de-montreal6649.html"},"author":{"name":"solivri","@id":"https:\/\/www.justiceinfo.net\/fr#\/schema\/person\/6e53cba1629e2e66f3fc1821d3091865"},"headline":"09.10.08 - RWANDA\/ONU - DALLAIRE CONTRE BUGINGO A L'UNIVERSITE DE MONTREAL","datePublished":"2008-10-08T22:00:00+00:00","mainEntityOfPage":{"@id":"https:\/\/www.justiceinfo.net\/fr\/9843-091008-rwandaonu-dallaire-contre-bugingo-a-luniversite-de-montreal6649.html"},"wordCount":669,"commentCount":0,"publisher":{"@id":"https:\/\/www.justiceinfo.net\/fr#organization"},"articleSection":["Hirondelle News"],"inLanguage":"fr-FR","potentialAction":[{"@type":"CommentAction","name":"Comment","target":["https:\/\/www.justiceinfo.net\/fr\/9843-091008-rwandaonu-dallaire-contre-bugingo-a-luniversite-de-montreal6649.html#respond"]}]},{"@type":"WebPage","@id":"https:\/\/www.justiceinfo.net\/fr\/9843-091008-rwandaonu-dallaire-contre-bugingo-a-luniversite-de-montreal6649.html","url":"https:\/\/www.justiceinfo.net\/fr\/9843-091008-rwandaonu-dallaire-contre-bugingo-a-luniversite-de-montreal6649.html","name":"09.10.08 - RWANDA\/ONU - DALLAIRE CONTRE BUGINGO A L'UNIVERSITE DE MONTREAL - JusticeInfo.net","isPartOf":{"@id":"https:\/\/www.justiceinfo.net\/fr#website"},"datePublished":"2008-10-08T22:00:00+00:00","breadcrumb":{"@id":"https:\/\/www.justiceinfo.net\/fr\/9843-091008-rwandaonu-dallaire-contre-bugingo-a-luniversite-de-montreal6649.html#breadcrumb"},"inLanguage":"fr-FR","potentialAction":[{"@type":"ReadAction","target":["https:\/\/www.justiceinfo.net\/fr\/9843-091008-rwandaonu-dallaire-contre-bugingo-a-luniversite-de-montreal6649.html"]}]},{"@type":"BreadcrumbList","@id":"https:\/\/www.justiceinfo.net\/fr\/9843-091008-rwandaonu-dallaire-contre-bugingo-a-luniversite-de-montreal6649.html#breadcrumb","itemListElement":[{"@type":"ListItem","position":1,"name":"Home","item":"https:\/\/www.justiceinfo.net\/fr"},{"@type":"ListItem","position":2,"name":"09.10.08 - RWANDA\/ONU - DALLAIRE CONTRE BUGINGO A L'UNIVERSITE DE MONTREAL"}]},{"@type":"WebSite","@id":"https:\/\/www.justiceinfo.net\/fr#website","url":"https:\/\/www.justiceinfo.net\/fr","name":"JusticeInfo.net","description":"La justice doit \u00eatre vue pour \u00eatre rendue","publisher":{"@id":"https:\/\/www.justiceinfo.net\/fr#organization"},"potentialAction":[{"@type":"SearchAction","target":{"@type":"EntryPoint","urlTemplate":"https:\/\/www.justiceinfo.net\/fr?s={search_term_string}"},"query-input":{"@type":"PropertyValueSpecification","valueRequired":true,"valueName":"search_term_string"}}],"inLanguage":"fr-FR"},{"@type":"Organization","@id":"https:\/\/www.justiceinfo.net\/fr#organization","name":"Justice Info","url":"https:\/\/www.justiceinfo.net\/fr","logo":{"@type":"ImageObject","inLanguage":"fr-FR","@id":"https:\/\/www.justiceinfo.net\/fr#\/schema\/logo\/image\/","url":"https:\/\/www.justiceinfo.net\/wp-content\/uploads\/justiceinfo_logo-trans_1200x1200px.png","contentUrl":"https:\/\/www.justiceinfo.net\/wp-content\/uploads\/justiceinfo_logo-trans_1200x1200px.png","width":1199,"height":1200,"caption":"Justice Info"},"image":{"@id":"https:\/\/www.justiceinfo.net\/fr#\/schema\/logo\/image\/"},"sameAs":["https:\/\/www.facebook.com\/JusticeInfo\/","https:\/\/x.com\/justiceinfonet","https:\/\/www.linkedin.com\/company\/justice-info","https:\/\/www.youtube.com\/channel\/UCyCEsARodyuWtkWyhn-e7pA"]},{"@type":"Person","name":"solivri","url":"\/fr\/?s=solivri"}]}},"_links":{"self":[{"href":"https:\/\/www.justiceinfo.net\/fr\/wp-json\/wp\/v2\/posts\/9843","targetHints":{"allow":["GET"]}}],"collection":[{"href":"https:\/\/www.justiceinfo.net\/fr\/wp-json\/wp\/v2\/posts"}],"about":[{"href":"https:\/\/www.justiceinfo.net\/fr\/wp-json\/wp\/v2\/types\/post"}],"author":[{"embeddable":true,"href":"https:\/\/www.justiceinfo.net\/fr\/wp-json\/wp\/v2\/users\/64"}],"replies":[{"embeddable":true,"href":"https:\/\/www.justiceinfo.net\/fr\/wp-json\/wp\/v2\/comments?post=9843"}],"version-history":[{"count":0,"href":"https:\/\/www.justiceinfo.net\/fr\/wp-json\/wp\/v2\/posts\/9843\/revisions"}],"wp:attachment":[{"href":"https:\/\/www.justiceinfo.net\/fr\/wp-json\/wp\/v2\/media?parent=9843"}],"wp:term":[{"taxonomy":"category","embeddable":true,"href":"https:\/\/www.justiceinfo.net\/fr\/wp-json\/wp\/v2\/categories?post=9843"},{"taxonomy":"post_tag","embeddable":true,"href":"https:\/\/www.justiceinfo.net\/fr\/wp-json\/wp\/v2\/tags?post=9843"},{"taxonomy":"ji_location","embeddable":true,"href":"https:\/\/www.justiceinfo.net\/fr\/wp-json\/wp\/v2\/ji_location?post=9843"}],"curies":[{"name":"wp","href":"https:\/\/api.w.org\/{rel}","templated":true}]}}