{"id":9849,"date":"2008-10-10T00:00:00","date_gmt":"2008-10-09T22:00:00","guid":{"rendered":"https:\/\/www.justiceinfo.net\/9849-101008-tpirsynthese-hebdomadaire-la-chambre-dappel-confirme-le-refus-des-transferts6655.html"},"modified":"2008-10-10T00:00:00","modified_gmt":"2008-10-09T22:00:00","slug":"101008-tpirsynthese-hebdomadaire-la-chambre-dappel-confirme-le-refus-des-transferts6655","status":"publish","type":"post","link":"https:\/\/www.justiceinfo.net\/fr\/9849-101008-tpirsynthese-hebdomadaire-la-chambre-dappel-confirme-le-refus-des-transferts6655.html","title":{"rendered":"10.10.08 - TPIR\/SYNTHESE HEBDOMADAIRE - LA CHAMBRE D'APPEL CONFIRME LE REFUS DES TRANSFERTS"},"content":{"rendered":"<p>Arusha, 10 octobre 2008 (FH) - La chambre d'appel du Tribunal p&eacute;nal international pour le Rwanda (TPIR) a confirm&eacute;, dans un arr&ecirc;t rendu mercredi, le rejet de la demande du procureur visant &agrave; renvoyer l'ex-commer&ccedil;ant Yussuf Munyakazi devant les tribunaux rwandais qui s'&eacute;taient dits pr&ecirc;ts &agrave; juger le dossier.<br \/>\n<!--more--><\/p>\n<p>\nLes juges d'appel, comme leurs confr&egrave;res du premier degr&eacute;, doutent que l'accus&eacute; puisse, s'il &eacute;tait transf&eacute;r&eacute; devant la justice de son pays, citer ses t&eacute;moins dans les m&ecirc;mes conditions que le procureur. La crainte persiste &eacute;galement qu'il ne soit condamn&eacute; &agrave; &laquo; la r&eacute;clusion criminelle &agrave; perp&eacute;tuit&eacute; &raquo;, une peine purg&eacute;e dans l'isolement au Rwanda.<\/p>\n<p>L'ex-ministre du Plan, Augustin Ngirabatware a, lors de sa premi&egrave;re comparution vendredi devant un juge du TPIR, rejet&eacute; toutes les accusations port&eacute;es contre lui. L'&eacute;conomiste rwandais, transf&eacute;r&eacute; d'Allemagne mercredi r&eacute;pond de 4 chefs de g&eacute;nocide, 4 chefs de crimes contre l'humanit&eacute; et deux chefs de violations graves des conventions de Gen&egrave;ve.<\/p>\n<p>Le divorce est consomm&eacute; entre le procureur du TPIR et son accus&eacute; et &laquo; t&eacute;moin cl&eacute; &raquo;, Michel Bagaragaza, qui a d&eacute;pos&eacute; contre certaines personnalit&eacute;s poursuivies comme lui devant ce tribunal pour leur r&ocirc;le pr&eacute;sum&eacute; dans le g&eacute;nocide de 1994. Les n&eacute;gociations qui devaient aboutir &agrave; un accord sur un plaidoyer de culpabilit&eacute; ont finalement &eacute;chou&eacute;, selon des documents judiciaires parvenus pendant la semaine &agrave; l'agence Hirondelle. Ces n&eacute;gociations faisaient suite &agrave; deux tentatives tout aussi infructueuses de faire juger dans un pays europ&eacute;en l'ex-patron de la fili&egrave;re th&eacute; au Rwanda. L'ex-responsable &eacute;conomique esp&eacute;rait, en cas de proc&egrave;s en Europe, &ecirc;tre condamn&eacute;, en &eacute;change de sa collaboration avec le procureur, &agrave; une peine moins lourde qu'au TPIR.<\/p>\n<p>Dans l'affaire &laquo; Militaires II &raquo;, l'ex- commandant du bataillon de reconnaissance, le major Fran&ccedil;ois-Xavier Nzuwonemeye est rest&eacute; dans le box des t&eacute;moins de lundi &agrave; mercredi. L'officier a rejet&eacute; les all&eacute;gations du procureur selon lesquelles le commandement des Forces arm&eacute;es rwandais (FAR) &eacute;tait oppos&eacute; &agrave; la mise en application des accords de paix d'ao&ucirc;t 1993 qui pr&eacute;voyaient, notamment, la fusion de ces forces r&eacute;guli&egrave;res avec les rebelles du Front patriotique rwandais (FPR) actuellement au pouvoir. Les d&eacute;bats reprendront le 20 octobre.<\/p>\n<p>Dans le proc&egrave;s de quatre ex-ministres, la chambre, le procureur et les &eacute;quipes de d&eacute;fense &eacute;taient cette semaine au Rwanda pour une visite des lieux qui les a conduits &agrave; Kigali, &agrave; Kibungo (est), &agrave; Gitarama (centre) et &agrave; Gisenyi (nord).<\/p>\n<p>ER\/PB\/GF<\/p>\n<p>&copy; Agence Hirondelle<\/p>\n","protected":false},"excerpt":{"rendered":"<p>Arusha, 10 octobre 2008 (FH) - La chambre d'appel du Tribunal p&eacute;nal international pour le Rwanda (TPIR) a confirm&eacute;, dans un arr&ecirc;t rendu mercredi, le rejet de la demande du procureur visant &agrave; renvoyer l'ex-commer&ccedil;ant Yussuf Munyakazi devant les tribunaux rwandais qui s'&eacute;taient dits pr&ecirc;ts &agrave; juger le dossier.<\/p>\n","protected":false},"author":64,"featured_media":0,"comment_status":"open","ping_status":"closed","sticky":false,"template":"","format":"standard","meta":{"_acf_changed":false,"footnotes":""},"categories":[554],"tags":[],"ji_location":[],"class_list":["post-9849","post","type-post","status-publish","format-standard","hentry","category-hirondellenews"],"acf":[],"yoast_head":"<!-- This site is optimized with the Yoast SEO Premium plugin v25.3.1 (Yoast SEO v25.3.1) - https:\/\/yoast.com\/wordpress\/plugins\/seo\/ -->\n<title>10.10.08 - TPIR\/SYNTHESE HEBDOMADAIRE - LA CHAMBRE D&#039;APPEL CONFIRME LE REFUS DES TRANSFERTS - JusticeInfo.net<\/title>\n<meta name=\"robots\" content=\"index, follow, max-snippet:-1, max-image-preview:large, max-video-preview:-1\" \/>\n<link rel=\"canonical\" href=\"https:\/\/www.justiceinfo.net\/fr\/9849-101008-tpirsynthese-hebdomadaire-la-chambre-dappel-confirme-le-refus-des-transferts6655.html\" \/>\n<meta property=\"og:locale\" content=\"fr_FR\" \/>\n<meta property=\"og:type\" content=\"article\" \/>\n<meta property=\"og:title\" content=\"10.10.08 - TPIR\/SYNTHESE HEBDOMADAIRE - LA CHAMBRE D&#039;APPEL CONFIRME LE REFUS DES TRANSFERTS\" \/>\n<meta property=\"og:description\" content=\"Arusha, 10 octobre 2008 (FH) - La chambre d&#039;appel du Tribunal p&eacute;nal international pour le Rwanda (TPIR) a confirm&eacute;, dans un arr&ecirc;t rendu mercredi, le rejet de la demande du procureur visant &agrave; renvoyer l&#039;ex-commer&ccedil;ant Yussuf Munyakazi devant les tribunaux rwandais qui s&#039;&eacute;taient dits pr&ecirc;ts &agrave; juger le dossier.\" \/>\n<meta property=\"og:url\" content=\"https:\/\/www.justiceinfo.net\/fr\/9849-101008-tpirsynthese-hebdomadaire-la-chambre-dappel-confirme-le-refus-des-transferts6655.html\" \/>\n<meta property=\"og:site_name\" content=\"JusticeInfo.net\" \/>\n<meta property=\"article:publisher\" content=\"https:\/\/www.facebook.com\/JusticeInfo\/\" \/>\n<meta property=\"article:published_time\" content=\"2008-10-09T22:00:00+00:00\" \/>\n<meta property=\"og:image\" content=\"https:\/\/www.justiceinfo.net\/wp-content\/uploads\/JusticeInfoNet_logo_1200x630px.jpg\" \/>\n\t<meta property=\"og:image:width\" content=\"1200\" \/>\n\t<meta property=\"og:image:height\" content=\"630\" \/>\n\t<meta property=\"og:image:type\" content=\"image\/jpeg\" \/>\n<meta name=\"author\" content=\"solivri\" \/>\n<meta name=\"twitter:card\" content=\"summary_large_image\" \/>\n<meta name=\"twitter:creator\" content=\"@justiceinfonet\" \/>\n<meta name=\"twitter:site\" content=\"@justiceinfonet\" \/>\n<meta name=\"twitter:label1\" content=\"\u00c9crit par\" \/>\n\t<meta name=\"twitter:data1\" content=\"solivri\" \/>\n\t<meta name=\"twitter:label2\" content=\"Dur\u00e9e de lecture estim\u00e9e\" \/>\n\t<meta name=\"twitter:data2\" content=\"3 minutes\" \/>\n<script type=\"application\/ld+json\" class=\"yoast-schema-graph\">{\"@context\":\"https:\/\/schema.org\",\"@graph\":[{\"@type\":\"NewsArticle\",\"@id\":\"https:\/\/www.justiceinfo.net\/fr\/9849-101008-tpirsynthese-hebdomadaire-la-chambre-dappel-confirme-le-refus-des-transferts6655.html#article\",\"isPartOf\":{\"@id\":\"https:\/\/www.justiceinfo.net\/fr\/9849-101008-tpirsynthese-hebdomadaire-la-chambre-dappel-confirme-le-refus-des-transferts6655.html\"},\"author\":{\"name\":\"solivri\",\"@id\":\"https:\/\/www.justiceinfo.net\/fr#\/schema\/person\/6e53cba1629e2e66f3fc1821d3091865\"},\"headline\":\"10.10.08 - TPIR\/SYNTHESE HEBDOMADAIRE - LA CHAMBRE D'APPEL CONFIRME LE REFUS DES TRANSFERTS\",\"datePublished\":\"2008-10-09T22:00:00+00:00\",\"mainEntityOfPage\":{\"@id\":\"https:\/\/www.justiceinfo.net\/fr\/9849-101008-tpirsynthese-hebdomadaire-la-chambre-dappel-confirme-le-refus-des-transferts6655.html\"},\"wordCount\":540,\"commentCount\":0,\"publisher\":{\"@id\":\"https:\/\/www.justiceinfo.net\/fr#organization\"},\"articleSection\":[\"Hirondelle News\"],\"inLanguage\":\"fr-FR\",\"potentialAction\":[{\"@type\":\"CommentAction\",\"name\":\"Comment\",\"target\":[\"https:\/\/www.justiceinfo.net\/fr\/9849-101008-tpirsynthese-hebdomadaire-la-chambre-dappel-confirme-le-refus-des-transferts6655.html#respond\"]}]},{\"@type\":\"WebPage\",\"@id\":\"https:\/\/www.justiceinfo.net\/fr\/9849-101008-tpirsynthese-hebdomadaire-la-chambre-dappel-confirme-le-refus-des-transferts6655.html\",\"url\":\"https:\/\/www.justiceinfo.net\/fr\/9849-101008-tpirsynthese-hebdomadaire-la-chambre-dappel-confirme-le-refus-des-transferts6655.html\",\"name\":\"10.10.08 - TPIR\/SYNTHESE HEBDOMADAIRE - LA CHAMBRE D'APPEL CONFIRME LE REFUS DES TRANSFERTS - JusticeInfo.net\",\"isPartOf\":{\"@id\":\"https:\/\/www.justiceinfo.net\/fr#website\"},\"datePublished\":\"2008-10-09T22:00:00+00:00\",\"breadcrumb\":{\"@id\":\"https:\/\/www.justiceinfo.net\/fr\/9849-101008-tpirsynthese-hebdomadaire-la-chambre-dappel-confirme-le-refus-des-transferts6655.html#breadcrumb\"},\"inLanguage\":\"fr-FR\",\"potentialAction\":[{\"@type\":\"ReadAction\",\"target\":[\"https:\/\/www.justiceinfo.net\/fr\/9849-101008-tpirsynthese-hebdomadaire-la-chambre-dappel-confirme-le-refus-des-transferts6655.html\"]}]},{\"@type\":\"BreadcrumbList\",\"@id\":\"https:\/\/www.justiceinfo.net\/fr\/9849-101008-tpirsynthese-hebdomadaire-la-chambre-dappel-confirme-le-refus-des-transferts6655.html#breadcrumb\",\"itemListElement\":[{\"@type\":\"ListItem\",\"position\":1,\"name\":\"Home\",\"item\":\"https:\/\/www.justiceinfo.net\/fr\"},{\"@type\":\"ListItem\",\"position\":2,\"name\":\"10.10.08 - TPIR\/SYNTHESE HEBDOMADAIRE - LA CHAMBRE D'APPEL CONFIRME LE REFUS DES TRANSFERTS\"}]},{\"@type\":\"WebSite\",\"@id\":\"https:\/\/www.justiceinfo.net\/fr#website\",\"url\":\"https:\/\/www.justiceinfo.net\/fr\",\"name\":\"JusticeInfo.net\",\"description\":\"La justice doit \u00eatre vue pour \u00eatre rendue\",\"publisher\":{\"@id\":\"https:\/\/www.justiceinfo.net\/fr#organization\"},\"potentialAction\":[{\"@type\":\"SearchAction\",\"target\":{\"@type\":\"EntryPoint\",\"urlTemplate\":\"https:\/\/www.justiceinfo.net\/fr?s={search_term_string}\"},\"query-input\":{\"@type\":\"PropertyValueSpecification\",\"valueRequired\":true,\"valueName\":\"search_term_string\"}}],\"inLanguage\":\"fr-FR\"},{\"@type\":\"Organization\",\"@id\":\"https:\/\/www.justiceinfo.net\/fr#organization\",\"name\":\"Justice Info\",\"url\":\"https:\/\/www.justiceinfo.net\/fr\",\"logo\":{\"@type\":\"ImageObject\",\"inLanguage\":\"fr-FR\",\"@id\":\"https:\/\/www.justiceinfo.net\/fr#\/schema\/logo\/image\/\",\"url\":\"https:\/\/www.justiceinfo.net\/wp-content\/uploads\/justiceinfo_logo-trans_1200x1200px.png\",\"contentUrl\":\"https:\/\/www.justiceinfo.net\/wp-content\/uploads\/justiceinfo_logo-trans_1200x1200px.png\",\"width\":1199,\"height\":1200,\"caption\":\"Justice Info\"},\"image\":{\"@id\":\"https:\/\/www.justiceinfo.net\/fr#\/schema\/logo\/image\/\"},\"sameAs\":[\"https:\/\/www.facebook.com\/JusticeInfo\/\",\"https:\/\/x.com\/justiceinfonet\",\"https:\/\/www.linkedin.com\/company\/justice-info\",\"https:\/\/www.youtube.com\/channel\/UCyCEsARodyuWtkWyhn-e7pA\"]},{\"@type\":\"Person\",\"name\":\"solivri\",\"url\":\"\/fr\/?s=solivri\"}]}<\/script>\n<!-- \/ Yoast SEO Premium plugin. -->","yoast_head_json":{"title":"10.10.08 - TPIR\/SYNTHESE HEBDOMADAIRE - LA CHAMBRE D'APPEL CONFIRME LE REFUS DES TRANSFERTS - JusticeInfo.net","robots":{"index":"index","follow":"follow","max-snippet":"max-snippet:-1","max-image-preview":"max-image-preview:large","max-video-preview":"max-video-preview:-1"},"canonical":"https:\/\/www.justiceinfo.net\/fr\/9849-101008-tpirsynthese-hebdomadaire-la-chambre-dappel-confirme-le-refus-des-transferts6655.html","og_locale":"fr_FR","og_type":"article","og_title":"10.10.08 - TPIR\/SYNTHESE HEBDOMADAIRE - LA CHAMBRE D'APPEL CONFIRME LE REFUS DES TRANSFERTS","og_description":"Arusha, 10 octobre 2008 (FH) - La chambre d'appel du Tribunal p&eacute;nal international pour le Rwanda (TPIR) a confirm&eacute;, dans un arr&ecirc;t rendu mercredi, le rejet de la demande du procureur visant &agrave; renvoyer l'ex-commer&ccedil;ant Yussuf Munyakazi devant les tribunaux rwandais qui s'&eacute;taient dits pr&ecirc;ts &agrave; juger le dossier.","og_url":"https:\/\/www.justiceinfo.net\/fr\/9849-101008-tpirsynthese-hebdomadaire-la-chambre-dappel-confirme-le-refus-des-transferts6655.html","og_site_name":"JusticeInfo.net","article_publisher":"https:\/\/www.facebook.com\/JusticeInfo\/","article_published_time":"2008-10-09T22:00:00+00:00","og_image":[{"width":1200,"height":630,"url":"https:\/\/www.justiceinfo.net\/wp-content\/uploads\/JusticeInfoNet_logo_1200x630px.jpg","type":"image\/jpeg"}],"author":"solivri","twitter_card":"summary_large_image","twitter_creator":"@justiceinfonet","twitter_site":"@justiceinfonet","twitter_misc":{"\u00c9crit par":"solivri","Dur\u00e9e de lecture estim\u00e9e":"3 minutes"},"schema":{"@context":"https:\/\/schema.org","@graph":[{"@type":"NewsArticle","@id":"https:\/\/www.justiceinfo.net\/fr\/9849-101008-tpirsynthese-hebdomadaire-la-chambre-dappel-confirme-le-refus-des-transferts6655.html#article","isPartOf":{"@id":"https:\/\/www.justiceinfo.net\/fr\/9849-101008-tpirsynthese-hebdomadaire-la-chambre-dappel-confirme-le-refus-des-transferts6655.html"},"author":{"name":"solivri","@id":"https:\/\/www.justiceinfo.net\/fr#\/schema\/person\/6e53cba1629e2e66f3fc1821d3091865"},"headline":"10.10.08 - TPIR\/SYNTHESE HEBDOMADAIRE - LA CHAMBRE D'APPEL CONFIRME LE REFUS DES TRANSFERTS","datePublished":"2008-10-09T22:00:00+00:00","mainEntityOfPage":{"@id":"https:\/\/www.justiceinfo.net\/fr\/9849-101008-tpirsynthese-hebdomadaire-la-chambre-dappel-confirme-le-refus-des-transferts6655.html"},"wordCount":540,"commentCount":0,"publisher":{"@id":"https:\/\/www.justiceinfo.net\/fr#organization"},"articleSection":["Hirondelle News"],"inLanguage":"fr-FR","potentialAction":[{"@type":"CommentAction","name":"Comment","target":["https:\/\/www.justiceinfo.net\/fr\/9849-101008-tpirsynthese-hebdomadaire-la-chambre-dappel-confirme-le-refus-des-transferts6655.html#respond"]}]},{"@type":"WebPage","@id":"https:\/\/www.justiceinfo.net\/fr\/9849-101008-tpirsynthese-hebdomadaire-la-chambre-dappel-confirme-le-refus-des-transferts6655.html","url":"https:\/\/www.justiceinfo.net\/fr\/9849-101008-tpirsynthese-hebdomadaire-la-chambre-dappel-confirme-le-refus-des-transferts6655.html","name":"10.10.08 - TPIR\/SYNTHESE HEBDOMADAIRE - LA CHAMBRE D'APPEL CONFIRME LE REFUS DES TRANSFERTS - JusticeInfo.net","isPartOf":{"@id":"https:\/\/www.justiceinfo.net\/fr#website"},"datePublished":"2008-10-09T22:00:00+00:00","breadcrumb":{"@id":"https:\/\/www.justiceinfo.net\/fr\/9849-101008-tpirsynthese-hebdomadaire-la-chambre-dappel-confirme-le-refus-des-transferts6655.html#breadcrumb"},"inLanguage":"fr-FR","potentialAction":[{"@type":"ReadAction","target":["https:\/\/www.justiceinfo.net\/fr\/9849-101008-tpirsynthese-hebdomadaire-la-chambre-dappel-confirme-le-refus-des-transferts6655.html"]}]},{"@type":"BreadcrumbList","@id":"https:\/\/www.justiceinfo.net\/fr\/9849-101008-tpirsynthese-hebdomadaire-la-chambre-dappel-confirme-le-refus-des-transferts6655.html#breadcrumb","itemListElement":[{"@type":"ListItem","position":1,"name":"Home","item":"https:\/\/www.justiceinfo.net\/fr"},{"@type":"ListItem","position":2,"name":"10.10.08 - TPIR\/SYNTHESE HEBDOMADAIRE - LA CHAMBRE D'APPEL CONFIRME LE REFUS DES TRANSFERTS"}]},{"@type":"WebSite","@id":"https:\/\/www.justiceinfo.net\/fr#website","url":"https:\/\/www.justiceinfo.net\/fr","name":"JusticeInfo.net","description":"La justice doit \u00eatre vue pour \u00eatre rendue","publisher":{"@id":"https:\/\/www.justiceinfo.net\/fr#organization"},"potentialAction":[{"@type":"SearchAction","target":{"@type":"EntryPoint","urlTemplate":"https:\/\/www.justiceinfo.net\/fr?s={search_term_string}"},"query-input":{"@type":"PropertyValueSpecification","valueRequired":true,"valueName":"search_term_string"}}],"inLanguage":"fr-FR"},{"@type":"Organization","@id":"https:\/\/www.justiceinfo.net\/fr#organization","name":"Justice Info","url":"https:\/\/www.justiceinfo.net\/fr","logo":{"@type":"ImageObject","inLanguage":"fr-FR","@id":"https:\/\/www.justiceinfo.net\/fr#\/schema\/logo\/image\/","url":"https:\/\/www.justiceinfo.net\/wp-content\/uploads\/justiceinfo_logo-trans_1200x1200px.png","contentUrl":"https:\/\/www.justiceinfo.net\/wp-content\/uploads\/justiceinfo_logo-trans_1200x1200px.png","width":1199,"height":1200,"caption":"Justice Info"},"image":{"@id":"https:\/\/www.justiceinfo.net\/fr#\/schema\/logo\/image\/"},"sameAs":["https:\/\/www.facebook.com\/JusticeInfo\/","https:\/\/x.com\/justiceinfonet","https:\/\/www.linkedin.com\/company\/justice-info","https:\/\/www.youtube.com\/channel\/UCyCEsARodyuWtkWyhn-e7pA"]},{"@type":"Person","name":"solivri","url":"\/fr\/?s=solivri"}]}},"_links":{"self":[{"href":"https:\/\/www.justiceinfo.net\/fr\/wp-json\/wp\/v2\/posts\/9849","targetHints":{"allow":["GET"]}}],"collection":[{"href":"https:\/\/www.justiceinfo.net\/fr\/wp-json\/wp\/v2\/posts"}],"about":[{"href":"https:\/\/www.justiceinfo.net\/fr\/wp-json\/wp\/v2\/types\/post"}],"author":[{"embeddable":true,"href":"https:\/\/www.justiceinfo.net\/fr\/wp-json\/wp\/v2\/users\/64"}],"replies":[{"embeddable":true,"href":"https:\/\/www.justiceinfo.net\/fr\/wp-json\/wp\/v2\/comments?post=9849"}],"version-history":[{"count":0,"href":"https:\/\/www.justiceinfo.net\/fr\/wp-json\/wp\/v2\/posts\/9849\/revisions"}],"wp:attachment":[{"href":"https:\/\/www.justiceinfo.net\/fr\/wp-json\/wp\/v2\/media?parent=9849"}],"wp:term":[{"taxonomy":"category","embeddable":true,"href":"https:\/\/www.justiceinfo.net\/fr\/wp-json\/wp\/v2\/categories?post=9849"},{"taxonomy":"post_tag","embeddable":true,"href":"https:\/\/www.justiceinfo.net\/fr\/wp-json\/wp\/v2\/tags?post=9849"},{"taxonomy":"ji_location","embeddable":true,"href":"https:\/\/www.justiceinfo.net\/fr\/wp-json\/wp\/v2\/ji_location?post=9849"}],"curies":[{"name":"wp","href":"https:\/\/api.w.org\/{rel}","templated":true}]}}